{"id":13705,"date":"2025-07-26T10:43:14","date_gmt":"2025-07-26T13:43:14","guid":{"rendered":"https:\/\/partediario.com.ar\/?p=13705"},"modified":"2025-07-28T11:22:53","modified_gmt":"2025-07-28T14:22:53","slug":"bondarenko-bullrich-denuncio-espionaje-ilegal-y-desde-la-provincia-calificaron-a-los-policias-de-celula-militante","status":"publish","type":"post","link":"https:\/\/partediario.com.ar\/?p=13705","title":{"rendered":"Bondarenko: Bullrich denunci\u00f3 \u201cespionaje ilegal\u201d y desde la Provincia calificaron a los polic\u00edas de \u201cc\u00e9lula militante\u201d"},"content":{"rendered":"\n<h2 class=\"wp-block-heading\">La ministra de Seguridad, Patricia Bullrich, denunci\u00f3 este viernes \u201cpersecuci\u00f3n ideol\u00f3gica, actos discriminatorios\u201d y \u201cespionaje ilegal y abuso de autoridad\u201d tras la desafectaci\u00f3n de 24 jefes de la Polic\u00eda Bonaerense, por su parte desde la administraci\u00f3n bonaerense se\u00f1alaron que los oficiales apartados compon\u00edan una \u201cc\u00e9lula militante\u201d de La Libertad Avanza (LLA).<\/h2>\n\n\n\n<p>Bullrich denunci\u00f3 ante la Fiscal\u00eda General de La Plata por \u201cpersecuci\u00f3n ideol\u00f3gica, actos discriminatorios\u201d y \u201cespionaje ilegal y abuso de autoridad\u201d detr\u00e1s de la desafectaci\u00f3n de 24 jefes de la Polic\u00eda Bonaerense, acusados de haber colaborado con el efectivo retirado y candidato a diputado bonaerense de LLA Maximiliano Bondarenko.<\/p>\n\n\n\n<p>En la presentaci\u00f3n, el Ministerio de Seguridad precis\u00f3 que \u201cla Divisi\u00f3n Asuntos Internos de la Polic\u00eda de la provincia de Buenos Aires habr\u00eda recibido \u2018una denuncia an\u00f3nima muy completa con mucho detalle que daba cuenta de la confabulaci\u00f3n de unos 24 polic\u00edas\u2019, de acuerdo a expresiones p\u00fablicas vertidas por el ministro de Seguridad, Javier Alonso\u201d.<\/p>\n\n\n\n<p>\u201cAlonso explic\u00f3 que el grupo, en el que figurar\u00eda tambi\u00e9n el Oficial Maximiliano Bondarenko en su calidad de polic\u00eda retirado, \u2018habr\u00eda utilizado oficinas y recursos estatales para apoyar su candidatura\u2019 y \u2018fundamentalmente, para dise\u00f1ar una serie de medidas urgentes que dispondr\u00e1n cierto nivel de intervenci\u00f3n de la Polic\u00eda y parte de esas medidas suger\u00edan a ellos como nuevos responsables de la instituci\u00f3n en lo que ser\u00eda un golpe al comando institucional\u201d.<\/p>\n\n\n\n<p>Pero la cartera de Seguridad indic\u00f3 que \u201cantes de saber siquiera que iba a ser candidato por LLA, Bondarenko fue a comer un asado con un grupo de amigos en la casa del Comisario Mayor Ignacio Manuel Ortiz Valenzuela, jefe de la Divisi\u00f3n Polic\u00eda Ecol\u00f3gica, que es padrino de uno de sus hijos. De ese grupo de amigos son los 24 Oficiales que el Gobierno de la provincia ha puesto inmediatamente en disponibilidad, quit\u00e1ndole sus armas oficiales y sus credenciales en un acto humillante realizado frente a sus compa\u00f1eros, para discriminarlos ideol\u00f3gicamente\u201d.<\/p>\n\n\n\n<p>Mientras que Alonso se\u00f1al\u00f3 que el grupo de la Polic\u00eda Bonaerense que fue apartado de la fuerza funcionaba como una \u201cc\u00e9lula militante\u201d de LLA \u201ca las \u00f3rdenes\u201d de Bondarenko, con recursos p\u00fablicos destinados a financiar la campa\u00f1a electoral.<\/p>\n\n\n\n<p>\u201cLa Polic\u00eda tiene derecho a votar, piensan lo que quieren, se expresan como quieren, no hay ninguna persecuci\u00f3n. En estos seis a\u00f1os no perseguimos a nadie. Tenemos intendentes en actividad que vienen de la Polic\u00eda bonaerense\u201d, destac\u00f3 el funcionario del gobernador Axel Kicillof.<\/p>\n\n\n\n<p>En declaraciones radiales, aclar\u00f3 que \u201cel problema viene cuando una divisi\u00f3n de la Polic\u00eda empieza a ser conducida desde afuera por un polic\u00eda retirado y empieza a trabajar como una c\u00e9lula militante del partido pol\u00edtico a las \u00f3rdenes de un candidato\u201d.<\/p>\n\n\n\n<p>\u201cEso es lo que no podemos permitir y lo que pas\u00f3\u201d, afirm\u00f3 Alonso, quien indic\u00f3 que se decidi\u00f3 avanzar con el desplazamiento de los oficiales de la divisi\u00f3n Ecol\u00f3gica de la fuerza policial a partir de una denuncia an\u00f3nima que recibi\u00f3 el Ministerio de Seguridad.<\/p>\n\n\n\n<p>Esa denuncia ten\u00eda \u201cmuchos elementos, con audios, im\u00e1genes, capturas de pantalla, informes muy detallados se\u00f1alando esta situaci\u00f3n: que hay un grupo de la Polic\u00eda Ecol\u00f3gica de la provincia de Buenos Aires que est\u00e1 a cargo de un comisario mayor\u201d, precis\u00f3.<\/p>\n\n\n\n<p>\u201cDespu\u00e9s hay distintas oficinas dispersas por toda la provincia de esta Polic\u00eda Ecol\u00f3gica que est\u00e1n trabajando al servicio de la campa\u00f1a de Bondarenko\u201d, concluy\u00f3 Alonso.<\/p>\n","protected":false},"excerpt":{"rendered":"<p>La ministra de Seguridad, Patricia Bullrich, denunci&oacute; este viernes &ldquo;persecuci&oacute;n ideol&oacute;gica, actos discriminatorios&rdquo; y &ldquo;espionaje ilegal y abuso de autoridad&rdquo; tras la desafectaci&oacute;n de 24 jefes de la Polic&iacute;a Bonaerense, por su parte desde la administraci&oacute;n bonaerense se&ntilde;alaron que los oficiales apartados compon&iacute;an una &ldquo;c&eacute;lula militante&rdquo; de La Libertad Avanza (LLA). Bullrich denunci&oacute; ante la [&hellip;]<\/p>\n","protected":false},"author":2,"featured_media":13706,"comment_status":"open","ping_status":"open","sticky":false,"template":"","format":"standard","meta":{"footnotes":""},"categories":[979,5,176],"tags":[1112,812,5026,266,6365,510],"class_list":["post-13705","post","type-post","status-publish","format-standard","has-post-thumbnail","hentry","category-judiciales","category-nacionales","category-politica","tag-axel-kicillof","tag-denuncia","tag-javier-alonso","tag-libertad-avanza","tag-maximiliano-bondarenko","tag-patricia-bullrich"],"_links":{"self":[{"href":"https:\/\/partediario.com.ar\/index.php?rest_route=\/wp\/v2\/posts\/13705","targetHints":{"allow":["GET"]}}],"collection":[{"href":"https:\/\/partediario.com.ar\/index.php?rest_route=\/wp\/v2\/posts"}],"about":[{"href":"https:\/\/partediario.com.ar\/index.php?rest_route=\/wp\/v2\/types\/post"}],"author":[{"embeddable":true,"href":"https:\/\/partediario.com.ar\/index.php?rest_route=\/wp\/v2\/users\/2"}],"replies":[{"embeddable":true,"href":"https:\/\/partediario.com.ar\/index.php?rest_route=%2Fwp%2Fv2%2Fcomments&post=13705"}],"version-history":[{"count":1,"href":"https:\/\/partediario.com.ar\/index.php?rest_route=\/wp\/v2\/posts\/13705\/revisions"}],"predecessor-version":[{"id":13707,"href":"https:\/\/partediario.com.ar\/index.php?rest_route=\/wp\/v2\/posts\/13705\/revisions\/13707"}],"wp:featuredmedia":[{"embeddable":true,"href":"https:\/\/partediario.com.ar\/index.php?rest_route=\/wp\/v2\/media\/13706"}],"wp:attachment":[{"href":"https:\/\/partediario.com.ar\/index.php?rest_route=%2Fwp%2Fv2%2Fmedia&parent=13705"}],"wp:term":[{"taxonomy":"category","embeddable":true,"href":"https:\/\/partediario.com.ar\/index.php?rest_route=%2Fwp%2Fv2%2Fcategories&post=13705"},{"taxonomy":"post_tag","embeddable":true,"href":"https:\/\/partediario.com.ar\/index.php?rest_route=%2Fwp%2Fv2%2Ftags&post=13705"}],"curies":[{"name":"wp","href":"https:\/\/api.w.org\/{rel}","templated":true}]}}