{"id":13711,"date":"2025-07-26T10:53:35","date_gmt":"2025-07-26T13:53:35","guid":{"rendered":"https:\/\/partediario.com.ar\/?p=13711"},"modified":"2025-07-28T11:22:46","modified_gmt":"2025-07-28T14:22:46","slug":"se-incrementa-la-conectividad-entre-buenos-aires-y-brasil-y-paraguay","status":"publish","type":"post","link":"https:\/\/partediario.com.ar\/?p=13711","title":{"rendered":"Se incrementa la conectividad entre Buenos Aires y Brasil y Paraguay"},"content":{"rendered":"\n<h2 class=\"wp-block-heading\">En los pr\u00f3ximos meses aumentar\u00e1 la conectividad a\u00e9rea de Argentina con la regi\u00f3n, al sumarse nuevos vuelos desde Buenos Aires hacia la ciudad brasile\u00f1a de Recife, hacia Encarnaci\u00f3n en Paraguay y la posibilidad, adem\u00e1s, de volver a operar desde Buenos Aires con Asunci\u00f3n.<\/h2>\n\n\n\n<p>Por un lado LATAM anunci\u00f3 el inicio de vuelos regulares entre Recife y Buenos Aires, alcanzando de esa manera 10 rutas entre Argentina-Brasil.<\/p>\n\n\n\n<p>La nueva operaci\u00f3n internacional hacia la capital de Pernambuco ampl\u00eda la conectividad del Nordeste con Argentina y ampl\u00eda la red a\u00e9rea que conecta a ambos pa\u00edses.<\/p>\n\n\n\n<p>La nueva ruta internacional entre Brasil y Argentina contar\u00e1 con 1 vuelo semanal los s\u00e1bados, con vuelo de regreso a los domingos, y ser\u00e1 inaugurada el 20 de diciembre.<\/p>\n\n\n\n<p>Los vuelos se llevar\u00e1n a cabo con aeronaves Airbus A320, con capacidad para 174 pasajeros, incluyendo asientos en la cabina Premium Economy.<\/p>\n\n\n\n<p>\u201cEsta nueva ruta entre Argentina y Brasil permite que m\u00e1s turistas argentinos exploren las bellezas del Nordeste de Brasil, adem\u00e1s de representar una opci\u00f3n de viaje m\u00e1s para un destino tradicionalmente buscado por los brasile\u00f1os. Nuestro objetivo es facilitar el acceso y ofrecer m\u00e1s opciones de viaje, aumentando la conectividad en Sudam\u00e9rica de forma sostenible\u201d, asegur\u00f3 Florencia Scardaccione, Gerente Comercial de LATAM en Argentina.<\/p>\n\n\n\n<p>Con la nueva operaci\u00f3n, LATAM pasa a tener 10 rutas directas entre Brasil y Argentina, siendo una de las aerol\u00edneas con mayor oferta entre los dos pa\u00edses.<\/p>\n\n\n\n<p>Las otras 9 rutas son: Guarulhos\u2013Aeroparque, Guarulhos\u2013Ezeiza, Guarulhos\u2013Mendoza, Guarulhos\u2013Rosario (proximamente), Guarulhos\u2013C\u00f3rdoba (proximamente), Porto Alegre-Aeroparque (proximamente, Florian\u00f3polis\u2013Ezeiza (proximamente), Gale\u00e3o\u2013Ezeiza y Guarulhos\u2013Bariloche (estacional).<\/p>\n\n\n\n<p>Adem\u00e1s la low cost Flybondi comenzar\u00e1 a volar en una fecha a determinar, entre Buenos Aires y Encarnaci\u00f3n, en Paraguay, inaugurando de esta manera la conexi\u00f3n a\u00e9rea entre esas ciudades, lo que constituye un hecho in\u00e9dito en las rutas a\u00e9reas en la regi\u00f3n.<\/p>\n\n\n\n<p>El comienzo de las operaciones es posible a partir de la reciente internacionalizaci\u00f3n del aeropuerto de Encarnaci\u00f3n, que ser\u00e1 sede del pr\u00f3ximo Rally Mundial y fue anunciado de manera simult\u00e1nea, tanto por la propia compa\u00f1\u00eda en su cuenta de la red social X, como el presidente de Pargauay, Santiago Pe\u00f1a.<\/p>\n\n\n\n<p>\u201cSe vienen los vuelos a Encarnaci\u00f3n desde Buenos Aires\u201d, indica la publicaci\u00f3n, en la cuenta de la empresa, que adem\u00e1s cita las cuentas del presidente de Paraguay, Santiago Pe\u00f1a, del ministro de Relaciones Exteriores, Rub\u00e9n Ramirez Lezcano, y de la Direcci\u00f3n Nacional de Aeron\u00e1utica Civil.<\/p>\n\n\n\n<p>A su vez, el CEO de Flybondi, Mauricio Sana tambi\u00e9n en X, poste\u00f3: \u201cestamos muy entusiasmados con poder volver pronto a Paraguay. Esta es la primera vez en la historia que se habilita esta ruta a\u00e9rea y estamos seguros de que beneficiar\u00e1 a cientos de personas, adem\u00e1s de contribuir con el desarrollo y el impacto positivo en ambos pa\u00edses\u201d.<\/p>\n\n\n\n<p>Del mismo modo, seg\u00fan indicaron fuentes de la compa\u00f1\u00eda, luego de una reuni\u00f3n con el presidente de la DINAC paraguaya, se expres\u00f3 el inter\u00e9s en retomar sus vuelos entre Buenos Aires y Asunci\u00f3n, pero considerando incluir a Encarnaci\u00f3n.<\/p>\n","protected":false},"excerpt":{"rendered":"<p>En los pr&oacute;ximos meses aumentar&aacute; la conectividad a&eacute;rea de Argentina con la regi&oacute;n, al sumarse nuevos vuelos desde Buenos Aires hacia la ciudad brasile&ntilde;a de Recife, hacia Encarnaci&oacute;n en Paraguay y la posibilidad, adem&aacute;s, de volver a operar desde Buenos Aires con Asunci&oacute;n. Por un lado LATAM anunci&oacute; el inicio de vuelos regulares entre Recife [&hellip;]<\/p>\n","protected":false},"author":2,"featured_media":13712,"comment_status":"open","ping_status":"open","sticky":false,"template":"","format":"standard","meta":{"footnotes":""},"categories":[5,176,726],"tags":[1825,563,721,6377,4480,4505,6378,3386],"class_list":["post-13711","post","type-post","status-publish","format-standard","has-post-thumbnail","hentry","category-nacionales","category-politica","category-sociedad","tag-asuncion","tag-brasil","tag-buenos-aires","tag-encarnacion","tag-flybondi","tag-latam","tag-recife","tag-vuelos"],"_links":{"self":[{"href":"https:\/\/partediario.com.ar\/index.php?rest_route=\/wp\/v2\/posts\/13711","targetHints":{"allow":["GET"]}}],"collection":[{"href":"https:\/\/partediario.com.ar\/index.php?rest_route=\/wp\/v2\/posts"}],"about":[{"href":"https:\/\/partediario.com.ar\/index.php?rest_route=\/wp\/v2\/types\/post"}],"author":[{"embeddable":true,"href":"https:\/\/partediario.com.ar\/index.php?rest_route=\/wp\/v2\/users\/2"}],"replies":[{"embeddable":true,"href":"https:\/\/partediario.com.ar\/index.php?rest_route=%2Fwp%2Fv2%2Fcomments&post=13711"}],"version-history":[{"count":1,"href":"https:\/\/partediario.com.ar\/index.php?rest_route=\/wp\/v2\/posts\/13711\/revisions"}],"predecessor-version":[{"id":13713,"href":"https:\/\/partediario.com.ar\/index.php?rest_route=\/wp\/v2\/posts\/13711\/revisions\/13713"}],"wp:featuredmedia":[{"embeddable":true,"href":"https:\/\/partediario.com.ar\/index.php?rest_route=\/wp\/v2\/media\/13712"}],"wp:attachment":[{"href":"https:\/\/partediario.com.ar\/index.php?rest_route=%2Fwp%2Fv2%2Fmedia&parent=13711"}],"wp:term":[{"taxonomy":"category","embeddable":true,"href":"https:\/\/partediario.com.ar\/index.php?rest_route=%2Fwp%2Fv2%2Fcategories&post=13711"},{"taxonomy":"post_tag","embeddable":true,"href":"https:\/\/partediario.com.ar\/index.php?rest_route=%2Fwp%2Fv2%2Ftags&post=13711"}],"curies":[{"name":"wp","href":"https:\/\/api.w.org\/{rel}","templated":true}]}}