{"id":13714,"date":"2025-07-26T10:57:09","date_gmt":"2025-07-26T13:57:09","guid":{"rendered":"https:\/\/partediario.com.ar\/?p=13714"},"modified":"2025-07-28T11:22:42","modified_gmt":"2025-07-28T14:22:42","slug":"bullrich-mantuvo-una-reunion-con-funcionaria-de-ee-uu-previa-a-la-llegada-de-kristi-noem","status":"publish","type":"post","link":"https:\/\/partediario.com.ar\/?p=13714","title":{"rendered":"Bullrich mantuvo una reuni\u00f3n con funcionaria de EE.UU. previa a la llegada de Kristi Noem"},"content":{"rendered":"\n<h2 class=\"wp-block-heading\">La ministra de Seguridad, Patricia Bullrich, se reuni\u00f3 este viernes con Heidi G\u00f3mez R\u00e1palo, Encargada de Negocios de la Embajada de Estados Unidos en Argentina, recientemente designada, y antes de la llegada de Kristi Noem, secretaria del Homeland Security de EE.UU.<\/h2>\n\n\n\n<p>La Embajada de Estados Unidos remarc\u00f3 el liderazgo argentino en seguridad regional y la lucha contra el crimen organizado y el narcotr\u00e1fico. G\u00f3mez R\u00e1palo manifest\u00f3 su deseo de \u00abprofundizar nuestra cooperaci\u00f3n en estas \u00e1reas para avanzar la seguridad y la prosperidad\u00bb.<\/p>\n\n\n\n<p>Bullrich fue la tercera ministra del Gabinete en reunirse con la funcionaria, quien ya hab\u00eda dialogado con el canciller Gerardo Werthein y el ministro de Econom\u00eda Luis Caputo.<\/p>\n\n\n\n<p>La visita de Noem, cercana a Donald Trump y conocida por su postura contra la inmigraci\u00f3n irregular, est\u00e1 programada para este domingo.<\/p>\n\n\n\n<p>Durante su estad\u00eda, mantendr\u00e1 una reuni\u00f3n con el presidente Javier Milei y la ministra Bullrich, quien buscar\u00e1 informaci\u00f3n sobre pol\u00edticas fronterizas y controles migratorios.<\/p>\n","protected":false},"excerpt":{"rendered":"<p>La ministra de Seguridad, Patricia Bullrich, se reuni&oacute; este viernes con Heidi G&oacute;mez R&aacute;palo, Encargada de Negocios de la Embajada de Estados Unidos en Argentina, recientemente designada, y antes de la llegada de Kristi Noem, secretaria del Homeland Security de EE.UU. La Embajada de Estados Unidos remarc&oacute; el liderazgo argentino en seguridad regional y la [&hellip;]<\/p>\n","protected":false},"author":2,"featured_media":13715,"comment_status":"open","ping_status":"open","sticky":false,"template":"","format":"standard","meta":{"footnotes":""},"categories":[5,176],"tags":[467,6380,232,6379,510,373,888],"class_list":["post-13714","post","type-post","status-publish","format-standard","has-post-thumbnail","hentry","category-nacionales","category-politica","tag-estados-unidos","tag-heidi-gomez-rapalo","tag-javier-milei","tag-kristi-noem","tag-patricia-bullrich","tag-reunion","tag-seguridad"],"_links":{"self":[{"href":"https:\/\/partediario.com.ar\/index.php?rest_route=\/wp\/v2\/posts\/13714","targetHints":{"allow":["GET"]}}],"collection":[{"href":"https:\/\/partediario.com.ar\/index.php?rest_route=\/wp\/v2\/posts"}],"about":[{"href":"https:\/\/partediario.com.ar\/index.php?rest_route=\/wp\/v2\/types\/post"}],"author":[{"embeddable":true,"href":"https:\/\/partediario.com.ar\/index.php?rest_route=\/wp\/v2\/users\/2"}],"replies":[{"embeddable":true,"href":"https:\/\/partediario.com.ar\/index.php?rest_route=%2Fwp%2Fv2%2Fcomments&post=13714"}],"version-history":[{"count":1,"href":"https:\/\/partediario.com.ar\/index.php?rest_route=\/wp\/v2\/posts\/13714\/revisions"}],"predecessor-version":[{"id":13716,"href":"https:\/\/partediario.com.ar\/index.php?rest_route=\/wp\/v2\/posts\/13714\/revisions\/13716"}],"wp:featuredmedia":[{"embeddable":true,"href":"https:\/\/partediario.com.ar\/index.php?rest_route=\/wp\/v2\/media\/13715"}],"wp:attachment":[{"href":"https:\/\/partediario.com.ar\/index.php?rest_route=%2Fwp%2Fv2%2Fmedia&parent=13714"}],"wp:term":[{"taxonomy":"category","embeddable":true,"href":"https:\/\/partediario.com.ar\/index.php?rest_route=%2Fwp%2Fv2%2Fcategories&post=13714"},{"taxonomy":"post_tag","embeddable":true,"href":"https:\/\/partediario.com.ar\/index.php?rest_route=%2Fwp%2Fv2%2Ftags&post=13714"}],"curies":[{"name":"wp","href":"https:\/\/api.w.org\/{rel}","templated":true}]}}