{"id":13720,"date":"2025-07-28T11:12:06","date_gmt":"2025-07-28T14:12:06","guid":{"rendered":"https:\/\/partediario.com.ar\/?p=13720"},"modified":"2025-07-29T10:48:35","modified_gmt":"2025-07-29T13:48:35","slug":"cordoba-incrementa-un-8421-a-jubilados-provinciales-y-entrega-un-bono-bimestral","status":"publish","type":"post","link":"https:\/\/partediario.com.ar\/?p=13720","title":{"rendered":"C\u00f3rdoba incrementa un 84,21% a jubilados provinciales y entrega un bono bimestral"},"content":{"rendered":"\n<h2 class=\"wp-block-heading\">El gobernador de C\u00f3rdoba, Mart\u00edn Llaryora, anunci\u00f3 un aumento del 84,21% en el haber m\u00ednimo jubilatorio en esa provincia, que pasar\u00e1 de $380.000 a $700.000 mensuales, adem\u00e1s de la implementaci\u00f3n de un bono bimestral de $100.000 para quienes perciban hasta $1.300.000 mensuales.<\/h2>\n\n\n\n<p>Ambas medidas beneficiar\u00e1n directamente a los jubilados provinciales que menos ganan y consolidan a C\u00f3rdoba como una de las provincias con los haberes m\u00ednimos m\u00e1s altos del pa\u00eds. Llaryora se\u00f1al\u00f3 que estas decisiones fueron posibles porque la provincia mediterr\u00e1nea comenz\u00f3 a recibir de manera parcial los fondos que reclama a la Naci\u00f3n por la deuda de la Caja de Jubilaciones y aclar\u00f3 que el refuerzo se mantendr\u00e1 \u201cmientras C\u00f3rdoba siga recibiendo esos recursos\u201d.<\/p>\n\n\n\n<p>\u201cCumpliendo con la palabra que les di, esos recursos van a ir en parte a mejorar los ingresos de los jubilados cordobeses que menos ganan y m\u00e1s necesitan. Y vamos a continuar trabajando en auditor\u00edas conjuntas para conciliar la deuda definitiva que el gobierno nacional mantiene con C\u00f3rdoba\u201d, destac\u00f3 el mandatario provincial.<\/p>\n\n\n\n<p>El gobernador se\u00f1al\u00f3 que \u201cpelear por lo que le corresponde a C\u00f3rdoba da resultados concretos\u201d y afirm\u00f3 que continuar\u00e1 \u201cdefendiendo los intereses de los cordobeses cada vez que sean vulnerados\u201d.<\/p>\n\n\n\n<p>Llaryora agradeci\u00f3 el acompa\u00f1amiento de los cordobeses, de las instituciones y de los legisladores nacionales que respaldaron el reclamo. \u201cEste logro demuestra que cuando en C\u00f3rdoba trabajamos juntos, con firmeza y humildad, obtenemos resultados reales\u201d, finaliz\u00f3.<\/p>\n","protected":false},"excerpt":{"rendered":"<p>El gobernador de C&oacute;rdoba, Mart&iacute;n Llaryora, anunci&oacute; un aumento del 84,21% en el haber m&iacute;nimo jubilatorio en esa provincia, que pasar&aacute; de $380.000 a $700.000 mensuales, adem&aacute;s de la implementaci&oacute;n de un bono bimestral de $100.000 para quienes perciban hasta $1.300.000 mensuales. Ambas medidas beneficiar&aacute;n directamente a los jubilados provinciales que menos ganan y consolidan [&hellip;]<\/p>\n","protected":false},"author":2,"featured_media":13721,"comment_status":"open","ping_status":"open","sticky":false,"template":"","format":"standard","meta":{"footnotes":""},"categories":[176,8],"tags":[622,303,1264,1138,332],"class_list":["post-13720","post","type-post","status-publish","format-standard","has-post-thumbnail","hentry","category-politica","category-provinciales","tag-aumento","tag-cordoba","tag-jubilados","tag-martin-llaryora","tag-nacion"],"_links":{"self":[{"href":"https:\/\/partediario.com.ar\/index.php?rest_route=\/wp\/v2\/posts\/13720","targetHints":{"allow":["GET"]}}],"collection":[{"href":"https:\/\/partediario.com.ar\/index.php?rest_route=\/wp\/v2\/posts"}],"about":[{"href":"https:\/\/partediario.com.ar\/index.php?rest_route=\/wp\/v2\/types\/post"}],"author":[{"embeddable":true,"href":"https:\/\/partediario.com.ar\/index.php?rest_route=\/wp\/v2\/users\/2"}],"replies":[{"embeddable":true,"href":"https:\/\/partediario.com.ar\/index.php?rest_route=%2Fwp%2Fv2%2Fcomments&post=13720"}],"version-history":[{"count":1,"href":"https:\/\/partediario.com.ar\/index.php?rest_route=\/wp\/v2\/posts\/13720\/revisions"}],"predecessor-version":[{"id":13722,"href":"https:\/\/partediario.com.ar\/index.php?rest_route=\/wp\/v2\/posts\/13720\/revisions\/13722"}],"wp:featuredmedia":[{"embeddable":true,"href":"https:\/\/partediario.com.ar\/index.php?rest_route=\/wp\/v2\/media\/13721"}],"wp:attachment":[{"href":"https:\/\/partediario.com.ar\/index.php?rest_route=%2Fwp%2Fv2%2Fmedia&parent=13720"}],"wp:term":[{"taxonomy":"category","embeddable":true,"href":"https:\/\/partediario.com.ar\/index.php?rest_route=%2Fwp%2Fv2%2Fcategories&post=13720"},{"taxonomy":"post_tag","embeddable":true,"href":"https:\/\/partediario.com.ar\/index.php?rest_route=%2Fwp%2Fv2%2Ftags&post=13720"}],"curies":[{"name":"wp","href":"https:\/\/api.w.org\/{rel}","templated":true}]}}