{"id":13723,"date":"2025-07-28T11:27:32","date_gmt":"2025-07-28T14:27:32","guid":{"rendered":"https:\/\/partediario.com.ar\/?p=13723"},"modified":"2025-07-29T10:48:31","modified_gmt":"2025-07-29T13:48:31","slug":"cada-vez-son-mas-los-accidentes-en-las-rutas-por-falta-de-obra-publica-seguro-katopodis","status":"publish","type":"post","link":"https:\/\/partediario.com.ar\/?p=13723","title":{"rendered":"\u201cCada vez son m\u00e1s los accidentes en las rutas\u201d por falta de obra p\u00fablica, segur\u00f3 Katopodis"},"content":{"rendered":"\n<h2 class=\"wp-block-heading\">El ministro bonaerense de Infraestructura, Gabriel Katopodis, asegur\u00f3 que \u201ccada vez son m\u00e1s los accidentes en las rutas\u201d de todo el pa\u00eds, lo que atribuy\u00f3 a \u201cuna desatenci\u00f3n\u201d por parte del Gobierno nacional al mantenimiento y la obra p\u00fablica, y agreg\u00f3 que \u201cno hay una inversi\u00f3n real en obras de infraestructura que son b\u00e1sicas\u201d.<\/h2>\n\n\n\n<p>\u201cJam\u00e1s en la historia un Gobierno fren\u00f3 toda la obra p\u00fablica como est\u00e1 pasando ahora\u201d destac\u00f3 el funcionario, e indic\u00f3 que \u201clas obras de mantenimiento que se ahorran hoy van a salir mucho m\u00e1s caras en unos a\u00f1os\u201d, y remarc\u00f3 que de esta manera \u201clo barato sale caro\u201d.<\/p>\n\n\n\n<p>En declaraciones radiales, el ministro bonaerense sostuvo que la discusi\u00f3n no debe ser \u201csobre c\u00f3mo impacta en el d\u00e9ficit el gasto de la obra p\u00fablica, sino que est\u00e1 en peligro la vida de nuestra gente\u201d.<\/p>\n\n\n\n<p>\u201cQue las rutas nacionales est\u00e9n en este estado de abandono significa que, realmente, estamos poniendo a nuestras familias en una situaci\u00f3n de mucho riesgo\u201d, afirm\u00f3.<\/p>\n\n\n\n<p>Y a\u00f1adi\u00f3 que \u201cno es el gobernador Axel Kicillof quien sale a reclamar la reactivaci\u00f3n de la obra p\u00fablica y el mantenimiento de las rutas\u201d, sino que \u201clo dicen los transportistas, los que andan con sus camiones, los que salieron en vacaciones de invierno\u201d.<\/p>\n\n\n\n<p>Katopodis destac\u00f3 la contradicci\u00f3n del Gobierno nacional al decir que \u201cno hay Estado para hacer obras, pero s\u00ed para bajarle los impuestos a los m\u00e1s ricos de la Argentina. No hay Estado para financiar la universidad p\u00fablica, pero si para ponerle un techo a las paritarias de los trabajadores\u201d.<\/p>\n\n\n\n<p>\u201cLa obra p\u00fablica se ha transformado en un emblema muy claro de la diferencia del modelo\u201d del Gobierno nacional con el bonaerense, y asegur\u00f3 que la ausencia de obras \u00abexpresa tambi\u00e9n el fracaso de este plan econ\u00f3mico del Gobierno\u201d.<\/p>\n\n\n\n<p>Katopodis, quien encabezar\u00e1 en las elecciones del 7 de septiembre la lista de Fuerza Patria en la Primera Secci\u00f3n electoral, expres\u00f3 que la boleta de ese espacio peronista \u201ces la del Garrahan, la de los jubilados que no pueden con el ajuste que les est\u00e1 aplicando Milei y la de los empresarios pymes que padecen este festival de importaciones\u201d.<\/p>\n","protected":false},"excerpt":{"rendered":"<p>El ministro bonaerense de Infraestructura, Gabriel Katopodis, asegur&oacute; que &ldquo;cada vez son m&aacute;s los accidentes en las rutas&rdquo; de todo el pa&iacute;s, lo que atribuy&oacute; a &ldquo;una desatenci&oacute;n&rdquo; por parte del Gobierno nacional al mantenimiento y la obra p&uacute;blica, y agreg&oacute; que &ldquo;no hay una inversi&oacute;n real en obras de infraestructura que son b&aacute;sicas&rdquo;. &ldquo;Jam&aacute;s [&hellip;]<\/p>\n","protected":false},"author":2,"featured_media":13724,"comment_status":"open","ping_status":"open","sticky":false,"template":"","format":"standard","meta":{"footnotes":""},"categories":[5,176],"tags":[6384,2390,224,1725,1109,1110,987],"class_list":["post-13723","post","type-post","status-publish","format-standard","has-post-thumbnail","hentry","category-nacionales","category-politica","tag-accidentes","tag-gabriel-katopodis","tag-gobierno","tag-nacional","tag-obra","tag-publica","tag-rutas"],"_links":{"self":[{"href":"https:\/\/partediario.com.ar\/index.php?rest_route=\/wp\/v2\/posts\/13723","targetHints":{"allow":["GET"]}}],"collection":[{"href":"https:\/\/partediario.com.ar\/index.php?rest_route=\/wp\/v2\/posts"}],"about":[{"href":"https:\/\/partediario.com.ar\/index.php?rest_route=\/wp\/v2\/types\/post"}],"author":[{"embeddable":true,"href":"https:\/\/partediario.com.ar\/index.php?rest_route=\/wp\/v2\/users\/2"}],"replies":[{"embeddable":true,"href":"https:\/\/partediario.com.ar\/index.php?rest_route=%2Fwp%2Fv2%2Fcomments&post=13723"}],"version-history":[{"count":1,"href":"https:\/\/partediario.com.ar\/index.php?rest_route=\/wp\/v2\/posts\/13723\/revisions"}],"predecessor-version":[{"id":13725,"href":"https:\/\/partediario.com.ar\/index.php?rest_route=\/wp\/v2\/posts\/13723\/revisions\/13725"}],"wp:featuredmedia":[{"embeddable":true,"href":"https:\/\/partediario.com.ar\/index.php?rest_route=\/wp\/v2\/media\/13724"}],"wp:attachment":[{"href":"https:\/\/partediario.com.ar\/index.php?rest_route=%2Fwp%2Fv2%2Fmedia&parent=13723"}],"wp:term":[{"taxonomy":"category","embeddable":true,"href":"https:\/\/partediario.com.ar\/index.php?rest_route=%2Fwp%2Fv2%2Fcategories&post=13723"},{"taxonomy":"post_tag","embeddable":true,"href":"https:\/\/partediario.com.ar\/index.php?rest_route=%2Fwp%2Fv2%2Ftags&post=13723"}],"curies":[{"name":"wp","href":"https:\/\/api.w.org\/{rel}","templated":true}]}}