{"id":13726,"date":"2025-07-28T11:32:13","date_gmt":"2025-07-28T14:32:13","guid":{"rendered":"https:\/\/partediario.com.ar\/?p=13726"},"modified":"2025-07-29T10:48:27","modified_gmt":"2025-07-29T13:48:27","slug":"estamos-frente-a-un-industricidio-y-un-agro-industricidio-por-las-politicas-del-gobierno-nacional-apunto-bianco","status":"publish","type":"post","link":"https:\/\/partediario.com.ar\/?p=13726","title":{"rendered":"\u201cEstamos frente a un industricidio y un agro industricidio por las pol\u00edticas del Gobierno Nacional\u201d, apunt\u00f3 Bianco"},"content":{"rendered":"\n<h2 class=\"wp-block-heading\">El ministro de Gobierno de la provincia de Buenos Aires, Carlos Bianco, manifest\u00f3 que \u201cestamos frente a un industricidio y un agro industricidio\u201d, debido a la implementaci\u00f3n de las pol\u00edticas econ\u00f3micas de la gesti\u00f3n del presidente Javier Milei y del ministro de Econom\u00eda, Luis Caputo.<\/h2>\n\n\n\n<p>En conferencia de prensa, subray\u00f3 la compa\u00f1\u00eda de los ministros de Producci\u00f3n, Ciencia e Innovaci\u00f3n Tecnol\u00f3gica, Augusto Costas, y de Desarrollo Agrario, Javier Rodr\u00edguez, porque tanto en la provincia como en todo el pa\u00eds se est\u00e1 \u201csufriendo\u201d el ajuste y la crisis econ\u00f3mica implantados por el Gobierno Nacional.<\/p>\n\n\n\n<p>\u201cMientras Milei para mil obras p\u00fablicas en la provincia de Buenos Aires, el Gobierno bonaerense decide seguir invirtiendo con ellas\u201d, dispar\u00f3 Bianco.<\/p>\n\n\n\n<p>Mientras que Costas, se\u00f1al\u00f3 que hay un impacto negativo \u201cen los diferentes sectores productivos del pa\u00eds\u201d, pero espec\u00edficamente en la provincia, donde, desde la gesti\u00f3n del gobernador Axel Kicillof y a trav\u00e9s de los distintos ministerios, mantienen un di\u00e1logo \u201cmuy cercano\u201d con empresarios, sectores cooperativos y movimientos de trabajadores.<\/p>\n\n\n\n<p>Asimismo indic\u00f3 que, si se toman los datos oficiales y cerrados, en t\u00e9rminos de producci\u00f3n en el per\u00edodo de enero &#8211; mayo de 2023 a enero- mayo de 2025 la econom\u00eda provincial cay\u00f3 un 0.7 %: \u201cDespu\u00e9s del ajuste, hoy hay una gran inestabilidad\u201d, agreg\u00f3.<\/p>\n\n\n\n<p>\u201cEn general, el diagn\u00f3stico es una situaci\u00f3n de crisis generada por el Gobierno Nacional a nivel productivo, econ\u00f3mico y social. La provincia de Buenos Aires representa el coraz\u00f3n industrial del pa\u00eds, es decir que el 50% de los bienes se produce ac\u00e1 y genera el 44% del empleo industrial. Cuando a la industria bonaerense le va mal, le va mal a la provincia y al pa\u00eds y eso es lo que estamos viendo hoy. A la motosierra de Milei le contestamos con pol\u00edticas de Estado y di\u00e1logo. Tenemos que exigirle al Gobierno Nacional que revea sus pol\u00edticas econ\u00f3micas\u201d, afirm\u00f3 Costas.<\/p>\n\n\n\n<p>Por su parte, Rodr\u00edguez sostuvo que hay una \u201calt\u00edsima\u201d variaci\u00f3n del tipo de cambio, a la que se le suma la ca\u00edda del consumo interno \u201cque es resultado de la p\u00e9rdida del poder adquisitivo de los salarios\u201d, y tambi\u00e9n se agrega el aumento de las tasas de inter\u00e9s: \u201cEsto habla de una fuerte imprevisibilidad en materia cambiaria\u201d, acot\u00f3.<\/p>\n\n\n\n<p>Y subray\u00f3 que, en el caso particular del sector agropecuario, la rentabilidad promedio de las distintas producciones \u201chan tendido a caer\u201d y, uno de los ejemplos, es la producci\u00f3n de soja que era \u201cun 68% superior hace dos a\u00f1os\u201d; paralelamente, agreg\u00f3 que cuando la rentabilidad cae, \u201clos que m\u00e1s se ven afectados son los productores de media escala\u201d.<\/p>\n\n\n\n<p>Finalizando, record\u00f3 que, durante la gesti\u00f3n de Milei, el precio del pan aument\u00f3 un 304%, el de la leche entera un 244 % y que el salario m\u00ednimo, \u201cen noviembre de 2023 permit\u00eda comprar 117 kilos de pan y en junio de 2025 permite comprar 68 kilos\u201d.<\/p>\n\n\n\n<p>\u201cLo que tiene que quedar claro de todo esto es que es un problema con la pol\u00edtica macroecon\u00f3mica y que no es s\u00f3lo de una variable, sino de una conjugaci\u00f3n de variables que act\u00faan en detrimento de la producci\u00f3n\u201d, cerr\u00f3.<\/p>\n","protected":false},"excerpt":{"rendered":"<p>El ministro de Gobierno de la provincia de Buenos Aires, Carlos Bianco, manifest&oacute; que &ldquo;estamos frente a un industricidio y un agro industricidio&rdquo;, debido a la implementaci&oacute;n de las pol&iacute;ticas econ&oacute;micas de la gesti&oacute;n del presidente Javier Milei y del ministro de Econom&iacute;a, Luis Caputo. En conferencia de prensa, subray&oacute; la compa&ntilde;&iacute;a de los ministros [&hellip;]<\/p>\n","protected":false},"author":2,"featured_media":13727,"comment_status":"open","ping_status":"open","sticky":false,"template":"","format":"standard","meta":{"footnotes":""},"categories":[5,176],"tags":[3279,224,6385,232,792,1725],"class_list":["post-13726","post","type-post","status-publish","format-standard","has-post-thumbnail","hentry","category-nacionales","category-politica","tag-carlos-bianco","tag-gobierno","tag-industricidio","tag-javier-milei","tag-luis-caputo","tag-nacional"],"_links":{"self":[{"href":"https:\/\/partediario.com.ar\/index.php?rest_route=\/wp\/v2\/posts\/13726","targetHints":{"allow":["GET"]}}],"collection":[{"href":"https:\/\/partediario.com.ar\/index.php?rest_route=\/wp\/v2\/posts"}],"about":[{"href":"https:\/\/partediario.com.ar\/index.php?rest_route=\/wp\/v2\/types\/post"}],"author":[{"embeddable":true,"href":"https:\/\/partediario.com.ar\/index.php?rest_route=\/wp\/v2\/users\/2"}],"replies":[{"embeddable":true,"href":"https:\/\/partediario.com.ar\/index.php?rest_route=%2Fwp%2Fv2%2Fcomments&post=13726"}],"version-history":[{"count":1,"href":"https:\/\/partediario.com.ar\/index.php?rest_route=\/wp\/v2\/posts\/13726\/revisions"}],"predecessor-version":[{"id":13728,"href":"https:\/\/partediario.com.ar\/index.php?rest_route=\/wp\/v2\/posts\/13726\/revisions\/13728"}],"wp:featuredmedia":[{"embeddable":true,"href":"https:\/\/partediario.com.ar\/index.php?rest_route=\/wp\/v2\/media\/13727"}],"wp:attachment":[{"href":"https:\/\/partediario.com.ar\/index.php?rest_route=%2Fwp%2Fv2%2Fmedia&parent=13726"}],"wp:term":[{"taxonomy":"category","embeddable":true,"href":"https:\/\/partediario.com.ar\/index.php?rest_route=%2Fwp%2Fv2%2Fcategories&post=13726"},{"taxonomy":"post_tag","embeddable":true,"href":"https:\/\/partediario.com.ar\/index.php?rest_route=%2Fwp%2Fv2%2Ftags&post=13726"}],"curies":[{"name":"wp","href":"https:\/\/api.w.org\/{rel}","templated":true}]}}