{"id":13735,"date":"2025-07-28T11:50:29","date_gmt":"2025-07-28T14:50:29","guid":{"rendered":"https:\/\/partediario.com.ar\/?p=13735"},"modified":"2025-07-29T10:48:09","modified_gmt":"2025-07-29T13:48:09","slug":"grave-decision-del-ejecutivo-tras-la-prohibicion-de-ir-a-la-rural-victoria-villarruel-envio-un-mensaje-a-las-fuerzas-armadas","status":"publish","type":"post","link":"https:\/\/partediario.com.ar\/?p=13735","title":{"rendered":"Grave decisi\u00f3n del Ejecutivo: tras la prohibici\u00f3n de ir a La Rural, Victoria Villarruel envi\u00f3 un mensaje a las Fuerzas Armadas"},"content":{"rendered":"\n<h2 class=\"wp-block-heading\">Luego del esc\u00e1ndalo del fin de semana, donde le impidieron participar del acto en La Rural, la vicepresidenta Victoria Villarruel reapareci\u00f3 este lunes en sus redes sociales con un fuerte mensaje de respaldo a la Gendarmer\u00eda Nacional en su d\u00eda.<\/h2>\n\n\n\n<p>Seg\u00fan se supo, se trata de la primera comunicaci\u00f3n p\u00fablica de la vicepresidenta luego del episodio del s\u00e1bado. Desde su entorno hab\u00edan denunciado que Protocolo de Presidencia no autoriz\u00f3 los ingresos para ella ni para su comitiva, un hecho que fue interpretado como una prohibici\u00f3n de facto para asistir al evento que encabez\u00f3 Javier Milei.<\/p>\n\n\n\n<p><\/p>\n\n\n\n<blockquote class=\"twitter-tweet\"><p lang=\"es\" dir=\"ltr\">\u00a1Feliz D\u00eda de la Gendarmer\u00eda Nacional Argentina! <br>Los Centinelas de la Patria, fueron creados por la ley 12367 con la funci\u00f3n de \u201ccontribuir a mantener la identidad nacional en \u00e1reas lim\u00edtrofes, a preservar el territorio nacional y la intangibilidad del l\u00edmite internacional\u201d.<br>Un\u2026 <a href=\"https:\/\/t.co\/NMulimIDsT\">pic.twitter.com\/NMulimIDsT<\/a><\/p>&mdash; Victoria Villarruel (@VickyVillarruel) <a href=\"https:\/\/twitter.com\/VickyVillarruel\/status\/1949828106979574120?ref_src=twsrc%5Etfw\">July 28, 2025<\/a><\/blockquote> <script async src=\"https:\/\/platform.twitter.com\/widgets.js\" charset=\"utf-8\"><\/script>\n\n\n\n<p><\/p>\n\n\n\n<blockquote class=\"twitter-tweet\"><p lang=\"es\" dir=\"ltr\">Mis palabras en este 2 de abril donde recordamos la Recuperaci\u00f3n de nuestras Islas Malvinas. <br><br>El 2 de abril de 1982, bajo la advocaci\u00f3n de la Virgen del Rosario, nuestras FFAA recuperaron la soberan\u00eda sobre las Islas Malvinas, izando el pabell\u00f3n nacional en Puerto Argentino tras\u2026 <a href=\"https:\/\/t.co\/fgnmNongLy\">pic.twitter.com\/fgnmNongLy<\/a><\/p>&mdash; Victoria Villarruel (@VickyVillarruel) <a href=\"https:\/\/twitter.com\/VickyVillarruel\/status\/1907519826513506333?ref_src=twsrc%5Etfw\">April 2, 2025<\/a><\/blockquote> <script async src=\"https:\/\/platform.twitter.com\/widgets.js\" charset=\"utf-8\"><\/script>\n\n\n\n<p><\/p>\n\n\n\n<p>En su mensaje, Villarruel salud\u00f3 a los \u00abCentinelas de la Patria\u00bb y subray\u00f3 su funci\u00f3n de \u00abpreservar el territorio nacional y la intangibilidad del l\u00edmite internacional\u00bb. Adem\u00e1s envi\u00f3 un \u00abfuerte abrazo\u00bb a los miembros de la fuerza, recordando a los h\u00e9roes de Malvinas del Escuadr\u00f3n Alacr\u00e1n y a los ca\u00eddos en cumplimiento del deber.<\/p>\n\n\n\n<p>La reaparici\u00f3n de la vicepresidenta con un mensaje dirigido a una de las fuerzas de seguridad no es un dato menor, ya que se da en medio de una creciente interna con el Gobierno y despu\u00e9s que el diputado Jos\u00e9 Luis Espert la declarara \u00abfuera del proyecto\u00bb.<\/p>\n","protected":false},"excerpt":{"rendered":"<p>Luego del esc&aacute;ndalo del fin de semana, donde le impidieron participar del acto en La Rural, la vicepresidenta Victoria Villarruel reapareci&oacute; este lunes en sus redes sociales con un fuerte mensaje de respaldo a la Gendarmer&iacute;a Nacional en su d&iacute;a. Seg&uacute;n se supo, se trata de la primera comunicaci&oacute;n p&uacute;blica de la vicepresidenta luego del [&hellip;]<\/p>\n","protected":false},"author":2,"featured_media":13736,"comment_status":"open","ping_status":"open","sticky":false,"template":"","format":"standard","meta":{"footnotes":""},"categories":[5],"tags":[2012,4936,6394,232,1302,629,406,4143,379,231],"class_list":["post-13735","post","type-post","status-publish","format-standard","has-post-thumbnail","hentry","category-nacionales","tag-escandalo","tag-gendarmeria-nacional","tag-heroes","tag-javier-milei","tag-jose-luis-espert","tag-la-rural","tag-malvinas","tag-saludo","tag-victoria","tag-villarruel"],"_links":{"self":[{"href":"https:\/\/partediario.com.ar\/index.php?rest_route=\/wp\/v2\/posts\/13735","targetHints":{"allow":["GET"]}}],"collection":[{"href":"https:\/\/partediario.com.ar\/index.php?rest_route=\/wp\/v2\/posts"}],"about":[{"href":"https:\/\/partediario.com.ar\/index.php?rest_route=\/wp\/v2\/types\/post"}],"author":[{"embeddable":true,"href":"https:\/\/partediario.com.ar\/index.php?rest_route=\/wp\/v2\/users\/2"}],"replies":[{"embeddable":true,"href":"https:\/\/partediario.com.ar\/index.php?rest_route=%2Fwp%2Fv2%2Fcomments&post=13735"}],"version-history":[{"count":1,"href":"https:\/\/partediario.com.ar\/index.php?rest_route=\/wp\/v2\/posts\/13735\/revisions"}],"predecessor-version":[{"id":13737,"href":"https:\/\/partediario.com.ar\/index.php?rest_route=\/wp\/v2\/posts\/13735\/revisions\/13737"}],"wp:featuredmedia":[{"embeddable":true,"href":"https:\/\/partediario.com.ar\/index.php?rest_route=\/wp\/v2\/media\/13736"}],"wp:attachment":[{"href":"https:\/\/partediario.com.ar\/index.php?rest_route=%2Fwp%2Fv2%2Fmedia&parent=13735"}],"wp:term":[{"taxonomy":"category","embeddable":true,"href":"https:\/\/partediario.com.ar\/index.php?rest_route=%2Fwp%2Fv2%2Fcategories&post=13735"},{"taxonomy":"post_tag","embeddable":true,"href":"https:\/\/partediario.com.ar\/index.php?rest_route=%2Fwp%2Fv2%2Ftags&post=13735"}],"curies":[{"name":"wp","href":"https:\/\/api.w.org\/{rel}","templated":true}]}}