{"id":13739,"date":"2025-07-28T19:43:59","date_gmt":"2025-07-28T22:43:59","guid":{"rendered":"https:\/\/partediario.com.ar\/?p=13739"},"modified":"2025-07-30T09:24:12","modified_gmt":"2025-07-30T12:24:12","slug":"murio-alejandra-la-locomotora-oliveras-a-los-47-anos","status":"publish","type":"post","link":"https:\/\/partediario.com.ar\/?p=13739","title":{"rendered":"Muri\u00f3 Alejandra \u00abLa Locomotora\u00bb Oliveras a los 47 a\u00f1os"},"content":{"rendered":"\n<h2 class=\"wp-block-heading\">La boxeadora Alejandra \u00abLocomotora\u00bb Oliveras falleci\u00f3 este lunes a los 47 a\u00f1os, tras pelear varios d\u00edas por su vida luego de sufrir un ACV. La excampeona del mundo hab\u00eda ingresado el pasado 14 de julio a la Unidad de Terapia Intensiva del Hospital \u00abDr. Jos\u00e9 Mar\u00eda Cullen\u00bb de Santa Fe. Tiempo atr\u00e1s y alejada del deporte profesional, hab\u00eda incursionado en la pol\u00edtica.<\/h2>\n\n\n\n<p>Juje\u00f1a, Oliveras fue uno de los nombres m\u00e1s destacadps del boxeo femenino argentino. A lo largo de su carrera, se coron\u00f3 campeona del mundo en seis ocasiones. Protagoniz\u00f3 38 peleas y logr\u00f3 un r\u00e9cord de 33 victorias, tres derrotas y dos empates.<\/p>\n\n\n\n<p>En los \u00faltimos d\u00edas, su estado de salud era sumamente delicado. La exboxeadora permanec\u00eda bajo seguimiento permanente por parte del equipo m\u00e9dico de la Unidad de Terapia Intensiva. \u201cA pesar de la evoluci\u00f3n favorable, el pron\u00f3stico de Oliveras contin\u00faa siendo reservado\u201d, precisaba uno de los \u00faltimos informes.<\/p>\n\n\n\n<p><strong>La historia de Alejandra Oliveras<\/strong><\/p>\n\n\n\n<p>A lo largo de su carrera, dos hechos la marcaron en su vida. Por un lado, la victoria m\u00e1s importante de su carrera, el 20 de mayo de 2006 ante la mexicana Jackie Nava en Tijuana. Aquel d\u00eda venci\u00f3 por nocaut y obtuvo el primer triunfo para una boxeadora argentina en el exterior. Por otro, su derrota m\u00e1s dolorosa ante Marcela \u00abLa Tigresa\u00bb Acu\u00f1a en 2008, un combate ic\u00f3nico para el boxeo argentino.<\/p>\n\n\n\n<p>En el \u00faltimo tiempo, luego de abandonar el boxeo profesional, sigui\u00f3 muy cerca a sus fan\u00e1ticos a trav\u00e9s de las redes sociales, desde donde compart\u00eda videos motivacionales y rutinas de ejercicio. Se recuerda tambi\u00e9n su participaci\u00f3n en el Bailando por un sue\u00f1o de 2007.<\/p>\n\n\n\n<p>Recientemente, nuevamente radicada en Santa Fe, Locomotora Oliveras se acerc\u00f3 al terreno de la pol\u00edtica. En 2021 se postul\u00f3 como diputada nacional por el partido Unite. \u201cMi sue\u00f1o, mi meta, mi deseo m\u00e1s profundo es ser la voz del pueblo; es representar a cada uno de los santafesinos en el congreso y luchar por todos, por cada familia\u201d, dijo en su momento.<\/p>\n\n\n\n<p>Pese a no ingresar al Congreso, continu\u00f3 con su carrera pol\u00edtica a partir de un acercamiento a La Libertad Avanza. La ministra de Seguridad, Patricia Bullrich, la incorpor\u00f3 dentro de la Direcci\u00f3n Nacional de Seguridad en Eventos Deportivos, .<\/p>\n\n\n\n<p>Posteriormente, se present\u00f3 como candidata durante las elecciones constituyentes de Santa Fe y logr\u00f3 ser electa por parte de la lista Frente de la Esperanza. Debido al triunfo, estaba prevista su participaci\u00f3n en la convenci\u00f3n para reformar la Constituci\u00f3n de la provincia, que empez\u00f3 a sesionar el 14 de julio. Sin embargo, ese mismo d\u00eda sufri\u00f3 el ACV y debi\u00f3 ser internada de urgencia. Este lunes, luego de dos semanas, falleci\u00f3.<\/p>\n","protected":false},"excerpt":{"rendered":"<p>La boxeadora Alejandra &laquo;Locomotora&raquo; Oliveras falleci&oacute; este lunes a los 47 a&ntilde;os, tras pelear varios d&iacute;as por su vida luego de sufrir un ACV. La excampeona del mundo hab&iacute;a ingresado el pasado 14 de julio a la Unidad de Terapia Intensiva del Hospital &laquo;Dr. Jos&eacute; Mar&iacute;a Cullen&raquo; de Santa Fe. Tiempo atr&aacute;s y alejada del [&hellip;]<\/p>\n","protected":false},"author":2,"featured_media":13740,"comment_status":"open","ping_status":"open","sticky":false,"template":"","format":"standard","meta":{"footnotes":""},"categories":[4,5],"tags":[6396,6397,561],"class_list":["post-13739","post","type-post","status-publish","format-standard","has-post-thumbnail","hentry","category-deportes","category-nacionales","tag-alejandra-olivera","tag-locomotora","tag-murio"],"_links":{"self":[{"href":"https:\/\/partediario.com.ar\/index.php?rest_route=\/wp\/v2\/posts\/13739","targetHints":{"allow":["GET"]}}],"collection":[{"href":"https:\/\/partediario.com.ar\/index.php?rest_route=\/wp\/v2\/posts"}],"about":[{"href":"https:\/\/partediario.com.ar\/index.php?rest_route=\/wp\/v2\/types\/post"}],"author":[{"embeddable":true,"href":"https:\/\/partediario.com.ar\/index.php?rest_route=\/wp\/v2\/users\/2"}],"replies":[{"embeddable":true,"href":"https:\/\/partediario.com.ar\/index.php?rest_route=%2Fwp%2Fv2%2Fcomments&post=13739"}],"version-history":[{"count":1,"href":"https:\/\/partediario.com.ar\/index.php?rest_route=\/wp\/v2\/posts\/13739\/revisions"}],"predecessor-version":[{"id":13741,"href":"https:\/\/partediario.com.ar\/index.php?rest_route=\/wp\/v2\/posts\/13739\/revisions\/13741"}],"wp:featuredmedia":[{"embeddable":true,"href":"https:\/\/partediario.com.ar\/index.php?rest_route=\/wp\/v2\/media\/13740"}],"wp:attachment":[{"href":"https:\/\/partediario.com.ar\/index.php?rest_route=%2Fwp%2Fv2%2Fmedia&parent=13739"}],"wp:term":[{"taxonomy":"category","embeddable":true,"href":"https:\/\/partediario.com.ar\/index.php?rest_route=%2Fwp%2Fv2%2Fcategories&post=13739"},{"taxonomy":"post_tag","embeddable":true,"href":"https:\/\/partediario.com.ar\/index.php?rest_route=%2Fwp%2Fv2%2Ftags&post=13739"}],"curies":[{"name":"wp","href":"https:\/\/api.w.org\/{rel}","templated":true}]}}