{"id":13742,"date":"2025-07-29T10:27:30","date_gmt":"2025-07-29T13:27:30","guid":{"rendered":"https:\/\/partediario.com.ar\/?p=13742"},"modified":"2025-07-30T09:24:07","modified_gmt":"2025-07-30T12:24:07","slug":"milei-y-su-hermana-karina-presentaron-las-nuevas-declaraciones-juradas-de-bienes","status":"publish","type":"post","link":"https:\/\/partediario.com.ar\/?p=13742","title":{"rendered":"Milei y su hermana Karina presentaron las nuevas declaraciones juradas de bienes"},"content":{"rendered":"\n<h2 class=\"wp-block-heading\">El presidente Javier Milei y la secretaria General de la Presidencia, Karina Milei, presentaron sus declaraciones juradas ante la Oficina Anticorrupci\u00f3n (OA), y en el caso del jefe de Estado se inform\u00f3 un patrimonio de $206.046.375.<\/h2>\n\n\n\n<p>El dato da cuenta que durante el per\u00edodo fiscal 2024 su patrimonio aument\u00f3 $80.405.484, ya que en el informe anterior, que cerr\u00f3 en diciembre de 2023, hab\u00eda declarado bienes por $125.650.891.<\/p>\n\n\n\n<p>se destaca en la declaraci\u00f3n jurada del jefe de Estado es que en el \u00faltimo a\u00f1o no incorpor\u00f3 inmuebles, ya que contin\u00faa con la misma propiedad declarada desde hace a\u00f1os, el incremento se explica m\u00e1s por la reevaluaci\u00f3n de esos bienes.<\/p>\n\n\n\n<p>Mientras que la hermana del Presidente declar\u00f3 un patrimonio de $11.401.021, cifra que implica un crecimiento de $3,5 millones sobre su anterior declaraci\u00f3n.<\/p>\n\n\n\n<p>Javier Milei declar\u00f3 que posee ahorros en d\u00f3lares en efectivo por US$20.000 que, convertidos en moneda nacional, se volcaron en la Declaraci\u00f3n Jurada en $20.580.000.<\/p>\n\n\n\n<p>Tambi\u00e9n inform\u00f3 un inmueble de 100 metros cuadrados, ubicado en la Ciudad Aut\u00f3noma de Buenos Aires, que es lo que m\u00e1s se revaloriz\u00f3 del per\u00edodo anterior a este, es decir, se declar\u00f3 con un valor de $38.419.071 contra $13.657.100 del per\u00edodo anterior.<\/p>\n\n\n\n<p>Adem\u00e1s tiene depositados en el pa\u00eds US$65.542, que se declararon en 67.443.222 pesos, mientras que inform\u00f3 que no tiene deudas, y en su declaraci\u00f3n jurada tambi\u00e9n aport\u00f3 que tiene dos veh\u00edculos por $36.427.800.<\/p>\n\n\n\n<p>Por su parte, Karina Milei tuvo un incremento patrimonial mayor que el de su hermano, sobre todo por la reevaluaci\u00f3n de bienes, con el que casi triplic\u00f3 su patrimonio.<\/p>\n\n\n\n<p>La secretaria General de la Presidencia declar\u00f3 bienes por $11.401.021 contra los $3.548.270 pesos que hab\u00eda declarado en el per\u00edodo fiscal anterior.<\/p>\n\n\n\n<p>A diferencia de lo que declar\u00f3 el mandatario nacional, su hermana no cuenta con d\u00f3lares ni en efectivo ni tampoco depositados en el pa\u00eds y el principal activo de su patrimonio es un departamento de 150 metros cuadrados ubicado en Capital Federal, valuado en $3.992.825 (val\u00eda $1.833.559 el a\u00f1o pasado).<\/p>\n\n\n\n<p>Karina Milei tiene adem\u00e1s $4.260.081 en una caja de ahorro y un cr\u00e9dito impositivo de poco m\u00e1s de $2,4 millones.<\/p>\n\n\n\n<p>Cabe se\u00f1alar que la presentaci\u00f3n ante la Oficina Anticorrupci\u00f3n es obligatoria para funcionarios, diputados y senadores, quienes cada a\u00f1o tienen dar cuenta de sus respectivos patrimonios.<\/p>\n","protected":false},"excerpt":{"rendered":"<p>El presidente Javier Milei y la secretaria General de la Presidencia, Karina Milei, presentaron sus declaraciones juradas ante la Oficina Anticorrupci&oacute;n (OA), y en el caso del jefe de Estado se inform&oacute; un patrimonio de $206.046.375. El dato da cuenta que durante el per&iacute;odo fiscal 2024 su patrimonio aument&oacute; $80.405.484, ya que en el informe [&hellip;]<\/p>\n","protected":false},"author":2,"featured_media":13743,"comment_status":"open","ping_status":"open","sticky":false,"template":"","format":"standard","meta":{"footnotes":""},"categories":[5,176],"tags":[622,6398,1020,232,4619,263],"class_list":["post-13742","post","type-post","status-publish","format-standard","has-post-thumbnail","hentry","category-nacionales","category-politica","tag-aumento","tag-bienes","tag-declaracion","tag-javier-milei","tag-jurada","tag-karina-milei"],"_links":{"self":[{"href":"https:\/\/partediario.com.ar\/index.php?rest_route=\/wp\/v2\/posts\/13742","targetHints":{"allow":["GET"]}}],"collection":[{"href":"https:\/\/partediario.com.ar\/index.php?rest_route=\/wp\/v2\/posts"}],"about":[{"href":"https:\/\/partediario.com.ar\/index.php?rest_route=\/wp\/v2\/types\/post"}],"author":[{"embeddable":true,"href":"https:\/\/partediario.com.ar\/index.php?rest_route=\/wp\/v2\/users\/2"}],"replies":[{"embeddable":true,"href":"https:\/\/partediario.com.ar\/index.php?rest_route=%2Fwp%2Fv2%2Fcomments&post=13742"}],"version-history":[{"count":1,"href":"https:\/\/partediario.com.ar\/index.php?rest_route=\/wp\/v2\/posts\/13742\/revisions"}],"predecessor-version":[{"id":13744,"href":"https:\/\/partediario.com.ar\/index.php?rest_route=\/wp\/v2\/posts\/13742\/revisions\/13744"}],"wp:featuredmedia":[{"embeddable":true,"href":"https:\/\/partediario.com.ar\/index.php?rest_route=\/wp\/v2\/media\/13743"}],"wp:attachment":[{"href":"https:\/\/partediario.com.ar\/index.php?rest_route=%2Fwp%2Fv2%2Fmedia&parent=13742"}],"wp:term":[{"taxonomy":"category","embeddable":true,"href":"https:\/\/partediario.com.ar\/index.php?rest_route=%2Fwp%2Fv2%2Fcategories&post=13742"},{"taxonomy":"post_tag","embeddable":true,"href":"https:\/\/partediario.com.ar\/index.php?rest_route=%2Fwp%2Fv2%2Ftags&post=13742"}],"curies":[{"name":"wp","href":"https:\/\/api.w.org\/{rel}","templated":true}]}}