{"id":13748,"date":"2025-07-29T10:43:49","date_gmt":"2025-07-29T13:43:49","guid":{"rendered":"https:\/\/partediario.com.ar\/?p=13748"},"modified":"2025-07-30T09:24:00","modified_gmt":"2025-07-30T12:24:00","slug":"los-nuevos-noquis-ate-denuncio-a-la-anac-por-echar-personal-calificado-y-contratar-militantes-ligados-al-gobierno","status":"publish","type":"post","link":"https:\/\/partediario.com.ar\/?p=13748","title":{"rendered":"LOS NUEVOS \u00d1OQUIS: ATE denunci\u00f3 a la ANAC por echar \u201cpersonal calificado\u201d y contratar militantes ligados al Gobierno"},"content":{"rendered":"\n<h2 class=\"wp-block-heading\">La Asociaci\u00f3n de Trabajadores del Estado (ATE), denunci\u00f3 que militantes de La Libertad Avanza (LLA), que fueron contratados en la Administraci\u00f3n Nacional de Aviaci\u00f3n Civil (ANAC), no tienen \u201cninguna formaci\u00f3n\u201d y cobran \u201csueldos millonarios\u201d.<\/h2>\n\n\n\n<p>Rodolfo Aguiar, secretario general de ATE, destac\u00f3 que \u201cdespiden personal altamente calificado\u201d y que en su lugar \u201cingresan sin control\u201d militantes libertarios.<\/p>\n\n\n\n<p>\u201cSe cae el relato del Gobierno. Est\u00e1n despidiendo a personal altamente calificado y en su lugar ingresan sin control militantes con sueldos millonarios y sin ninguna formaci\u00f3n\u201d, precis\u00f3 Aguiar.<\/p>\n\n\n\n<p>La situaci\u00f3n a la que ATE hace referencia es que las autoridades de la ANAC \u201cdesignaron a 20 personas con sueldos de hasta 4 millones de pesos\u201d en concepto de asesores y afirmaron que \u201cest\u00e1n iniciando un proceso de acomodo masivo en el Estado\u201d.<\/p>\n\n\n\n<p><\/p>\n\n\n\n<figure class=\"wp-block-image size-full\"><img loading=\"lazy\" decoding=\"async\" width=\"284\" height=\"178\" src=\"https:\/\/partediario.com.ar\/wp-content\/uploads\/images-42.jpeg\" alt=\"\" class=\"wp-image-13749\"\/><\/figure>\n\n\n\n<p><\/p>\n\n\n\n<p>El sindicato tuvo acceso a la documentaci\u00f3n interna por la cual se intenta justificar los ingresos, pero no cumplen con los circuitos administrativos correspondientes.<\/p>\n\n\n\n<p>\u201cEl concepto de casta define cada vez m\u00e1s a quienes gobiernan. Este proceder del Gobierno Nacional agrava la crisis que atraviesa todo el sector aerocomercial y aumenta el riesgo de todas las operaciones\u201d, indic\u00f3 el secretario general.<\/p>\n\n\n\n<p>Asimismo, desde ATE se\u00f1alaron que estas incorporaciones, no solo se dan \u201cmientras la mayor\u00eda de los trabajadores del organismo reclaman una recomposici\u00f3n salarial que les permita acceder al costo de la Canasta Familiar\u201d, sino que se lleva a cabo frente a un \u201cdesfinanciamiento sin precedentes\u201d que afecta de manera directa el funcionamiento.<\/p>\n\n\n\n<p>Simult\u00e1nemente, ATE inform\u00f3 que existen \u201cnumerosos veh\u00edculos operativos que est\u00e1n fuera de servicio por falta de mantenimiento\u201d y que tienen asignadas tareas de vital importancia en materia de seguridad, como es el guiado de aeronaves o el centro de capacitaci\u00f3n, donde se forman los controles de tr\u00e1nsito a\u00e9reo, que se encuentra \u201cseriamente comprometido\u201d.<\/p>\n\n\n\n<p>\u201cEl di\u00e1logo que se manten\u00eda con las autoridades est\u00e1 interrumpido. Desde el sindicato hemos mostrado toda nuestra buena voluntad para intentar llegar a un entendimiento. En los pr\u00f3ximos d\u00edas, convocaremos a nuestras instancias org\u00e1nicas para definir medidas de acci\u00f3n directa que tengan alcance nacional\u201d, finaliz\u00f3 Aguiar.<\/p>\n","protected":false},"excerpt":{"rendered":"<p>La Asociaci&oacute;n de Trabajadores del Estado (ATE), denunci&oacute; que militantes de La Libertad Avanza (LLA), que fueron contratados en la Administraci&oacute;n Nacional de Aviaci&oacute;n Civil (ANAC), no tienen &ldquo;ninguna formaci&oacute;n&rdquo; y cobran &ldquo;sueldos millonarios&rdquo;. Rodolfo Aguiar, secretario general de ATE, destac&oacute; que &ldquo;despiden personal altamente calificado&rdquo; y que en su lugar &ldquo;ingresan sin control&rdquo; militantes [&hellip;]<\/p>\n","protected":false},"author":2,"featured_media":13750,"comment_status":"open","ping_status":"open","sticky":false,"template":"","format":"standard","meta":{"footnotes":""},"categories":[978,5,176],"tags":[714,219,812,266,5962],"class_list":["post-13748","post","type-post","status-publish","format-standard","has-post-thumbnail","hentry","category-gremiales","category-nacionales","category-politica","tag-anac","tag-ate","tag-denuncia","tag-libertad-avanza","tag-militantes"],"_links":{"self":[{"href":"https:\/\/partediario.com.ar\/index.php?rest_route=\/wp\/v2\/posts\/13748","targetHints":{"allow":["GET"]}}],"collection":[{"href":"https:\/\/partediario.com.ar\/index.php?rest_route=\/wp\/v2\/posts"}],"about":[{"href":"https:\/\/partediario.com.ar\/index.php?rest_route=\/wp\/v2\/types\/post"}],"author":[{"embeddable":true,"href":"https:\/\/partediario.com.ar\/index.php?rest_route=\/wp\/v2\/users\/2"}],"replies":[{"embeddable":true,"href":"https:\/\/partediario.com.ar\/index.php?rest_route=%2Fwp%2Fv2%2Fcomments&post=13748"}],"version-history":[{"count":1,"href":"https:\/\/partediario.com.ar\/index.php?rest_route=\/wp\/v2\/posts\/13748\/revisions"}],"predecessor-version":[{"id":13751,"href":"https:\/\/partediario.com.ar\/index.php?rest_route=\/wp\/v2\/posts\/13748\/revisions\/13751"}],"wp:featuredmedia":[{"embeddable":true,"href":"https:\/\/partediario.com.ar\/index.php?rest_route=\/wp\/v2\/media\/13750"}],"wp:attachment":[{"href":"https:\/\/partediario.com.ar\/index.php?rest_route=%2Fwp%2Fv2%2Fmedia&parent=13748"}],"wp:term":[{"taxonomy":"category","embeddable":true,"href":"https:\/\/partediario.com.ar\/index.php?rest_route=%2Fwp%2Fv2%2Fcategories&post=13748"},{"taxonomy":"post_tag","embeddable":true,"href":"https:\/\/partediario.com.ar\/index.php?rest_route=%2Fwp%2Fv2%2Ftags&post=13748"}],"curies":[{"name":"wp","href":"https:\/\/api.w.org\/{rel}","templated":true}]}}