{"id":13752,"date":"2025-07-29T10:47:55","date_gmt":"2025-07-29T13:47:55","guid":{"rendered":"https:\/\/partediario.com.ar\/?p=13752"},"modified":"2025-07-30T09:23:56","modified_gmt":"2025-07-30T12:23:56","slug":"una-jueza-colombiana-declaro-culpable-al-expresidente-uribe-por-soborno-en-actuacion-penal-y-fraude-procesal","status":"publish","type":"post","link":"https:\/\/partediario.com.ar\/?p=13752","title":{"rendered":"Una jueza colombiana declar\u00f3 culpable al expresidente Uribe por soborno en actuaci\u00f3n penal y fraude procesal"},"content":{"rendered":"\n<h2 class=\"wp-block-heading\">El exmandatario colombiano \u00c1lvaro Uribe V\u00e9lez per\u00edodo (2002-2010), fue declarado culpable por los delitos de soborno en actuaci\u00f3n penal y fraude procesal, en el complejo judicial de Paloquemao ubicado en Bogot\u00e1, convirti\u00e9ndose en el primer expresidente en Colombia en ser condenado por un cargo penal.<\/h2>\n\n\n\n<p>Luego de un juicio que cont\u00f3 con m\u00e1s de 60 audiencias y el testimonio de decenas de testigos tanto de la Fiscal\u00eda como dela defensa del exmandatario, la jueza Sandra Liliana Heredia reconoci\u00f3 la responsabilidad de Uribe en el caso que reconoce como v\u00edctima al senador Iv\u00e1n Cepeda Castro, representante del Pacto Hist\u00f3rico (izquierda) y anunci\u00f3 que el pr\u00f3ximo viernes se conocer\u00e1 el tiempo de condena.<\/p>\n\n\n\n<p>\u201cPor las conductas por las que se profiere condena contra Uribe V\u00e9lez (soborno en actuaci\u00f3n penal y fraude procesal), cuya punici\u00f3n parte de un monto superior a cuatro a\u00f1os e inferior a ocho, en tanto el acusado, indistintamente de la pena que se impondr\u00e1, se hace merecedor de la prisi\u00f3n domiciliaria como sustitutiva de la pena de prisi\u00f3n acogiendo la pac\u00edfica postura del alto cuerpo colegiado que sobre el particular ha establecido\u201d, precis\u00f3 la jueza la sentencia.<\/p>\n\n\n\n<p>La jueza admiti\u00f3 las emociones que despierta el proceso contra el pol\u00edtico, que en Colombia se ha denominado popularmente como el \u201cjuicio del siglo\u201d, pero solicit\u00f3 a los ciudadanos ya la prensa respeto y rigurosidad frente a su decisi\u00f3n tras un proceso garantista de derechos.<\/p>\n\n\n\n<p>\u201cPedimos respeto, sensatez, que este momento sea entendido con la altura y madurez que merece (\u2026) es un acto de justicia y solo de justicia\u201d, expres\u00f3.<\/p>\n\n\n\n<p>Se aguarda que la defensa del expresidente Uribe inicie un proceso de apelaci\u00f3n de la decisi\u00f3n de la jueza, quien durante m\u00e1s de nueve horas explic\u00f3 las razones que guiaron su determinaci\u00f3n.<\/p>\n\n\n\n<p>Mientras tanto, enlas afueras del complejo judicial cientos de simpatizantes del pol\u00edtico se reunieron con pancartas para apoyarlo, pero tambi\u00e9n hizo presencia un grupo de seguidores del senador Iv\u00e1n Cepeda, principal v\u00edctima reconocida en este caso.<\/p>\n\n\n\n<p>El caso se remiti\u00f3 a 2012, cuando el senador Cepeda present\u00f3 un debate en el Congreso que incluy\u00f3 testimonios de exparamilitares que se\u00f1alaron a Uribe ya su hermano, Santiago Uribe, de fundar y liderar el Bloque Metro, una rama de las extintas Autodefensas Unidas de Colombia (AUC).<\/p>\n\n\n\n<p>En 2014, el expresidente Uribe acus\u00f3 al senador Iv\u00e1n Cepeda ante la Corte Suprema de Justicia por manipulaci\u00f3n y soborno a m\u00e1s exparamilitares en las c\u00e1rceles colombianas para que declararan en su contra y que lo asociaran con el paramilitarismo y el narcotr\u00e1fico.<\/p>\n\n\n\n<p>En 2018, la Corte Suprema de Justicia archiv\u00f3 la acusaci\u00f3n contra el senador Cepeda de forma inesperada y abri\u00f3 una investigaci\u00f3n contra el expresidente Uribe, quien decidi\u00f3 entonces renunciar a su curul en el Senado para ser juzgado por la justicia ordinaria y fue llamado a indagatoria en 2019.<\/p>\n\n\n\n<p>En agosto de 2020,el exmandatario recibi\u00f3 casa por c\u00e1rcel de manera preventiva por riesgo de obstrucci\u00f3n a la justicia y el caso lleg\u00f3 a la Fiscal\u00eda, liderada por Francisco Barbosa, que pidi\u00f3 la preclusi\u00f3n del caso.<\/p>\n\n\n\n<p>En octubre del mismo a\u00f1o, una jueza revoc\u00f3 la medida de aseguramiento ordenada por la Corte Suprema de Justicia.<\/p>\n\n\n\n<p>Entre 2021 y 2023 dos jueces negaron en dos ocasiones la solicitud de preclusi\u00f3n del caso y en abril de 2024 una nueva Fiscal\u00eda anunci\u00f3 el llamado a juicio a Uribe, quien en mayo del mismo a\u00f1o fue acusado formalmente, convirti\u00e9ndose en el primer exmandatario del pa\u00eds en enfrentar un juicio.<\/p>\n\n\n\n<p>Antes de llegar a la presidencia de Colombia en 2002, Uribe asumi\u00f3 cargos como el de director de la Aeron\u00e1utica Civil de Colombia, concejal de Medell\u00edn y alcalde de la misma ciudad, as\u00ed como gobernador del departamento de Antioquia.<\/p>\n\n\n\n<p>En las \u00faltimas horas, la Corporaci\u00f3n Jueces y Magistrados de Colombia solicit\u00f3 al Gobierno nacional medidas de protecci\u00f3n especiales para la juez Heredia, quien resolvi\u00f3 el proceso contra el expresidente Uribe y pidi\u00f3 a la comunidad nacional e internacional respetar la decisi\u00f3n.<\/p>\n\n\n\n<p>Asimismo, la Defensor\u00eda del Pueblo emiti\u00f3 un comunicado en el que record\u00f3 que \u201cla independencia judicial es un pilar esencial del Estado Social de Derecho y una garant\u00eda para la protecci\u00f3n de los derechos fundamentales\u201d por lo que los jueces en Colombia no pueden ser v\u00edctimas de descalificaciones que pretenden interferir en su autonom\u00eda.<\/p>\n","protected":false},"excerpt":{"rendered":"<p>El exmandatario colombiano &Aacute;lvaro Uribe V&eacute;lez per&iacute;odo (2002-2010), fue declarado culpable por los delitos de soborno en actuaci&oacute;n penal y fraude procesal, en el complejo judicial de Paloquemao ubicado en Bogot&aacute;, convirti&eacute;ndose en el primer expresidente en Colombia en ser condenado por un cargo penal. Luego de un juicio que cont&oacute; con m&aacute;s de 60 [&hellip;]<\/p>\n","protected":false},"author":2,"featured_media":13753,"comment_status":"open","ping_status":"open","sticky":false,"template":"","format":"standard","meta":{"footnotes":""},"categories":[9],"tags":[6404,1612,2370,6402,6405,6403,2526],"class_list":["post-13752","post","type-post","status-publish","format-standard","has-post-thumbnail","hentry","category-internacionales","tag-actuacion","tag-colombia","tag-condenado","tag-expresidente","tag-fraude","tag-manuel-uribe","tag-penal"],"_links":{"self":[{"href":"https:\/\/partediario.com.ar\/index.php?rest_route=\/wp\/v2\/posts\/13752","targetHints":{"allow":["GET"]}}],"collection":[{"href":"https:\/\/partediario.com.ar\/index.php?rest_route=\/wp\/v2\/posts"}],"about":[{"href":"https:\/\/partediario.com.ar\/index.php?rest_route=\/wp\/v2\/types\/post"}],"author":[{"embeddable":true,"href":"https:\/\/partediario.com.ar\/index.php?rest_route=\/wp\/v2\/users\/2"}],"replies":[{"embeddable":true,"href":"https:\/\/partediario.com.ar\/index.php?rest_route=%2Fwp%2Fv2%2Fcomments&post=13752"}],"version-history":[{"count":1,"href":"https:\/\/partediario.com.ar\/index.php?rest_route=\/wp\/v2\/posts\/13752\/revisions"}],"predecessor-version":[{"id":13754,"href":"https:\/\/partediario.com.ar\/index.php?rest_route=\/wp\/v2\/posts\/13752\/revisions\/13754"}],"wp:featuredmedia":[{"embeddable":true,"href":"https:\/\/partediario.com.ar\/index.php?rest_route=\/wp\/v2\/media\/13753"}],"wp:attachment":[{"href":"https:\/\/partediario.com.ar\/index.php?rest_route=%2Fwp%2Fv2%2Fmedia&parent=13752"}],"wp:term":[{"taxonomy":"category","embeddable":true,"href":"https:\/\/partediario.com.ar\/index.php?rest_route=%2Fwp%2Fv2%2Fcategories&post=13752"},{"taxonomy":"post_tag","embeddable":true,"href":"https:\/\/partediario.com.ar\/index.php?rest_route=%2Fwp%2Fv2%2Ftags&post=13752"}],"curies":[{"name":"wp","href":"https:\/\/api.w.org\/{rel}","templated":true}]}}