{"id":13763,"date":"2025-07-30T08:32:43","date_gmt":"2025-07-30T11:32:43","guid":{"rendered":"https:\/\/partediario.com.ar\/?p=13763"},"modified":"2025-08-01T10:27:28","modified_gmt":"2025-08-01T13:27:28","slug":"profesionales-del-garrahan-denuncian-al-gobierno-de-mentirosos-y-convocan-a-una-marcha-para-este-jueves","status":"publish","type":"post","link":"https:\/\/partediario.com.ar\/?p=13763","title":{"rendered":"Profesionales del Garrahan denuncian al Gobierno de \u00abmentirosos\u00bb y convocan a una marcha para este jueves"},"content":{"rendered":"\n<h2 class=\"wp-block-heading\">M\u00e9dicos y residentes del Hospital Garrahan acusan al gobierno de difundir \u201cmentiras\u201d, solicitan adem\u00e1s al Congreso que aprueben la ley para declarar la emergencia de esa instituci\u00f3n pedi\u00e1trica, y convocaron a una nueva marcha para este jueves en \u201cdefensa de la salud\u201d.<\/h2>\n\n\n\n<p>La postura fue manifestada en conferencia de prensa, la doctora Ana Mar\u00eda Pugliese, jefa del \u00e1rea de medicina de transfusiones m\u00e9dica, fue la encargada de leer el comunicado de los profesionales.<\/p>\n\n\n\n<p>\u201cLamentablemente, mientras la comunidad nos acompa\u00f1a en las calles, brindando mensajes de aliento de amor y de apoyo, desde la conducci\u00f3n del hospital se insiste en comunicar mentiras a trav\u00e9s de una cuenta oficial que d\u00eda a d\u00eda muestra una realidad falsa, disfrazada de verdad, insistiendo en negar la verdadera realidad que ya no puede ocultarse\u201d, se\u00f1alaron.<\/p>\n\n\n\n<p>Y rechazaron adem\u00e1s la propuesta de aumento salarial del 1,3 por ciento mensual que es \u00abmuy lejos de la inflaci\u00f3n, muy lejos de la p\u00e9rdida de m\u00e1s de 50% del poder adquisitivo que sufrimos en el \u00faltimo a\u00f1o, muy lejos de resolver el conflicto\u201d.<\/p>\n\n\n\n<p>Y volvieron a reclamar a los legisladores y gobernadores \u00abla urgente necesidad de sancionar la ley de emergencia sanitaria pedi\u00e1trica, una herramienta concreta para proteger a los hospitales pedi\u00e1tricos de referencia y garantizar la formaci\u00f3n de nuevas generaciones de profesionales en todo el pa\u00eds\u201d.<\/p>\n\n\n\n<p style=\"text-decoration:underline\"><strong>\u201cTodav\u00eda est\u00e1n a tiempo de demostrar que la salud de nuestros ni\u00f1os s\u00ed les importa\u00bb, subrayaron.<\/strong><\/p>\n\n\n\n<p>Los bloques opositores tiene previsto impulsar la pr\u00f3xima semana una sesi\u00f3n en la C\u00e1mara de Diputados para tratar el aumento del presupuesto universitario, la declaraci\u00f3n de la emergencia en el hospital Garrahan,y los proyectos sobre impuestos impulsados por los gobernadores.<\/p>\n\n\n\n<p>\u201cNecesitamos que dictaminen esta ley, ya no hay m\u00e1s margen para la indiferencia, no hay m\u00e1s tiempo que perder. Invitamos a toda la sociedad a participar de la marcha de velas que se realizar\u00e1 este jueves 31 de julio a las 18:00 h, en la esquina de la calle corrientes y Callao hacia el obelisco, en defensa de la salud p\u00fablica y de calidad, indicaron.<\/p>\n\n\n\n<p>Adem\u00e1s en el comunicado volvieron a criticar al ministro Mario Lugones, quien \u201ca\u00fan no ha visitado nuestro hospital ni ha respondido a los reiterados pedidos de di\u00e1logo, destaca en redes sociales el rol del Garrahan y celebra los logros asistenciales alcanzados incluso durante los paros\u201d.<\/p>\n\n\n\n<p>Explicaron que \u00abeste a\u00f1o realizamos m\u00e1s de 30 trasplantes hep\u00e1ticos, 28 renales y la primera cirug\u00eda intrauterina del sector p\u00fablico, entre muchos otros procedimientos de alt\u00edsima complejidad\u201d.<\/p>\n\n\n\n<p>Y a\u00f1adieron: \u201cPorque eso es lo que hacemos todos los d\u00edas, pero lo hacemos en condiciones cada vez m\u00e1s precarias, con salarios que no reflejan la complejidad de nuestro trabajo ni la responsabilidad que implica cuidar la salud de ni\u00f1os, ni\u00f1as y adolescentes de todo el pa\u00eds\u201d.<\/p>\n\n\n\n<p>Y cuestionaron nuevamente, el cierre de de residencias y los nuevos ex\u00e1menes debido a que \u00abesta reforma, junto con el reciente examen de ingreso a las residencias y sus inconvenientes de p\u00fablico conocimiento, amenaza con vaciar los cargos, romper el ciclo virtuoso de formaci\u00f3n y desarticular una red de atenci\u00f3n pedi\u00e1trica que trasciende a nuestro hospital y afecta a todo el pa\u00eds\u201d.<\/p>\n","protected":false},"excerpt":{"rendered":"<p>M&eacute;dicos y residentes del Hospital Garrahan acusan al gobierno de difundir &ldquo;mentiras&rdquo;, solicitan adem&aacute;s al Congreso que aprueben la ley para declarar la emergencia de esa instituci&oacute;n pedi&aacute;trica, y convocaron a una nueva marcha para este jueves en &ldquo;defensa de la salud&rdquo;. La postura fue manifestada en conferencia de prensa, la doctora Ana Mar&iacute;a Pugliese, [&hellip;]<\/p>\n","protected":false},"author":2,"featured_media":13764,"comment_status":"open","ping_status":"open","sticky":false,"template":"","format":"standard","meta":{"footnotes":""},"categories":[978,5,176],"tags":[6323,3557,224,971,6407,3400],"class_list":["post-13763","post","type-post","status-publish","format-standard","has-post-thumbnail","hentry","category-gremiales","category-nacionales","category-politica","tag-acusacion","tag-garrahan","tag-gobierno","tag-marcha","tag-mentirosos","tag-profesionales"],"_links":{"self":[{"href":"https:\/\/partediario.com.ar\/index.php?rest_route=\/wp\/v2\/posts\/13763","targetHints":{"allow":["GET"]}}],"collection":[{"href":"https:\/\/partediario.com.ar\/index.php?rest_route=\/wp\/v2\/posts"}],"about":[{"href":"https:\/\/partediario.com.ar\/index.php?rest_route=\/wp\/v2\/types\/post"}],"author":[{"embeddable":true,"href":"https:\/\/partediario.com.ar\/index.php?rest_route=\/wp\/v2\/users\/2"}],"replies":[{"embeddable":true,"href":"https:\/\/partediario.com.ar\/index.php?rest_route=%2Fwp%2Fv2%2Fcomments&post=13763"}],"version-history":[{"count":1,"href":"https:\/\/partediario.com.ar\/index.php?rest_route=\/wp\/v2\/posts\/13763\/revisions"}],"predecessor-version":[{"id":13765,"href":"https:\/\/partediario.com.ar\/index.php?rest_route=\/wp\/v2\/posts\/13763\/revisions\/13765"}],"wp:featuredmedia":[{"embeddable":true,"href":"https:\/\/partediario.com.ar\/index.php?rest_route=\/wp\/v2\/media\/13764"}],"wp:attachment":[{"href":"https:\/\/partediario.com.ar\/index.php?rest_route=%2Fwp%2Fv2%2Fmedia&parent=13763"}],"wp:term":[{"taxonomy":"category","embeddable":true,"href":"https:\/\/partediario.com.ar\/index.php?rest_route=%2Fwp%2Fv2%2Fcategories&post=13763"},{"taxonomy":"post_tag","embeddable":true,"href":"https:\/\/partediario.com.ar\/index.php?rest_route=%2Fwp%2Fv2%2Ftags&post=13763"}],"curies":[{"name":"wp","href":"https:\/\/api.w.org\/{rel}","templated":true}]}}