{"id":13772,"date":"2025-07-30T09:07:02","date_gmt":"2025-07-30T12:07:02","guid":{"rendered":"https:\/\/partediario.com.ar\/?p=13772"},"modified":"2025-08-01T10:27:15","modified_gmt":"2025-08-01T13:27:15","slug":"repercusiones-tras-el-video-de-cuneo-libarona-todas-coinciden-debe-renunciar","status":"publish","type":"post","link":"https:\/\/partediario.com.ar\/?p=13772","title":{"rendered":"Repercusiones tras el video de C\u00faneo Libarona todas coinciden: \u00abdebe renunciar\u00bb"},"content":{"rendered":"\n<h2 class=\"wp-block-heading\">El video grabado con c\u00e1mara oculta donde se puede observar al ministro de Justicia de la Naci\u00f3n, Mariano C\u00faneo Libarona, ofreciendo \u201cservicios y contactos\u201d al pol\u00e9mico activista estadounidense Tim Ballard sigue generando fuertes repercusiones pol\u00edticas.<\/h2>\n\n\n\n<p>Las im\u00e1genes, que ya se viralizaron en redes sociales desde la madrugada del martes, comprometen gravemente al funcionario en un di\u00e1logo donde se lo escucha hablar de su capacidad para facilitar contactos y leyes favorables a Ballard, el ex agente federal cuya figura inspir\u00f3 la pel\u00edcula \u201cSonido de Libertad\u201d.<\/p>\n\n\n\n<p>La primera reacci\u00f3n lleg\u00f3 del diputado Esteban Paul\u00f3n (@EstebanPaulon), quien reclam\u00f3:<\/p>\n\n\n\n<p><code>\u201cC\u00daNEO LIBARONA DEBE RENUNCIAR. El Ministro @m_cuneolibarona debe cesar en su cargo urgentemente. No tiene aptitud ni integridad. Si el Presidente @JMilei no le pide la renuncia, deber\u00e1 enfrentar el Juicio Pol\u00edtico que estamos presentando en los pr\u00f3ximos minutos en @DiputadAR\u201d.<\/code><\/p>\n\n\n\n<p>A las declaraciones de Paul\u00f3n se agreg\u00f3 la diputada nacional y presidenta del Partido Socialista, M\u00f3nica Fein (@MonicaFein), quien fue a\u00fan m\u00e1s dura al calificar de \u201ccorrupto\u201d al ministro:<\/p>\n\n\n\n<p><code>\u201cC\u00faneo Libarona debe renunciar. No puede ser Ministro de Justicia una persona corrupta, que promete hacer leyes para lavar la imagen de un personaje como Tim Ballard, y que se jacta de tener jueces y medios a su disposici\u00f3n. Si no deja el cargo, impulsaremos su juicio pol\u00edtico\u201d, destac\u00f3.<\/code><\/p>\n\n\n\n<p>Con estas declaraciones, la oposici\u00f3n empieza a coordinar acciones para exigir la salida inmediata del ministro o avanzar en un pedido formal de juicio pol\u00edtico en el Congreso.<\/p>\n\n\n\n<p>Hasta ahora, desde la Casa Rosada no hubo un pronunciamiento oficial sobre el contenido del video ni sobre los reclamos de los legisladores, mientras la pol\u00e9mica crece y el tema se instala en el centro de la agenda pol\u00edtica.<\/p>\n\n\n\n<p>Otro en pronunciarse fue el diputado y presidente de la Coalici\u00f3n C\u00edvica ARI, Maxi Ferraro, quien calific\u00f3 el hecho como un \u201cesc\u00e1ndalo de proporciones\u201d:<\/p>\n\n\n\n<p><code>\u201cC\u00daNEO LIBARONA NO PUEDE SEGUIR SIENDO MINISTRO DE JUSTICIA. Fue grabado en una reuni\u00f3n con Tim Ballard, exagente de la CIA acusado de abuso sexual, trata de personas y fraude. Le ofreci\u00f3 una ley penal \u2018a medida\u2019, contactos pol\u00edticos y respaldo medi\u00e1tico para lavar su imagen en la Argentina. Esto exhibe tr\u00e1fico de influencias, violaci\u00f3n a la Ley de \u00c9tica P\u00fablica y gesti\u00f3n ilegal de intereses.\u201d<\/code><\/p>\n\n\n\n<p><code>\u201cEl ministro no puede seguir ni un minuto m\u00e1s en su cargo. Lo de hoy se suma a un historial y prontuario oscuro que lo inhabilita moral y pol\u00edticamente para ejercer cualquier funci\u00f3n p\u00fablica: detenido por encubrimiento en la causa AMIA, defensor de Alperovich en un caso de abuso sexual, abogado de empresarios imputados en Cuadernos y en la tragedia de Time Warp, y promotor de discursos mis\u00f3ginos y homof\u00f3bicos\", apunt\u00f3<\/code><\/p>\n\n\n\n<p><code>\u201cC\u00faneo Libarona debe renunciar, ser removido por el Presidente o enfrentar juicio pol\u00edtico. Este es un gobierno re\u00f1ido permanentemente con la \u00e9tica e integridad p\u00fablica. No entienden los l\u00edmites ni las restricciones que tienen como funcionarios p\u00fablicos\u201d.<\/code><\/p>\n\n\n\n<p>Con estas declaraciones, la oposici\u00f3n escal\u00f3 la presi\u00f3n sobre el presidente Javier Milei para que defina la situaci\u00f3n del ministro, mientras el Gobierno sigue sin pronunciarse oficialmente sobre la pol\u00e9mica.<\/p>\n","protected":false},"excerpt":{"rendered":"<p>El video grabado con c&aacute;mara oculta donde se puede observar al ministro de Justicia de la Naci&oacute;n, Mariano C&uacute;neo Libarona, ofreciendo &ldquo;servicios y contactos&rdquo; al pol&eacute;mico activista estadounidense Tim Ballard sigue generando fuertes repercusiones pol&iacute;ticas. Las im&aacute;genes, que ya se viralizaron en redes sociales desde la madrugada del martes, comprometen gravemente al funcionario en un [&hellip;]<\/p>\n","protected":false},"author":2,"featured_media":13773,"comment_status":"open","ping_status":"open","sticky":false,"template":"","format":"standard","meta":{"footnotes":""},"categories":[5,176],"tags":[1270,2512,378,373,6409],"class_list":["post-13772","post","type-post","status-publish","format-standard","has-post-thumbnail","hentry","category-nacionales","category-politica","tag-mariano-cuneo-libarona","tag-polemica","tag-renuncia","tag-reunion","tag-tm-ballard"],"_links":{"self":[{"href":"https:\/\/partediario.com.ar\/index.php?rest_route=\/wp\/v2\/posts\/13772","targetHints":{"allow":["GET"]}}],"collection":[{"href":"https:\/\/partediario.com.ar\/index.php?rest_route=\/wp\/v2\/posts"}],"about":[{"href":"https:\/\/partediario.com.ar\/index.php?rest_route=\/wp\/v2\/types\/post"}],"author":[{"embeddable":true,"href":"https:\/\/partediario.com.ar\/index.php?rest_route=\/wp\/v2\/users\/2"}],"replies":[{"embeddable":true,"href":"https:\/\/partediario.com.ar\/index.php?rest_route=%2Fwp%2Fv2%2Fcomments&post=13772"}],"version-history":[{"count":1,"href":"https:\/\/partediario.com.ar\/index.php?rest_route=\/wp\/v2\/posts\/13772\/revisions"}],"predecessor-version":[{"id":13774,"href":"https:\/\/partediario.com.ar\/index.php?rest_route=\/wp\/v2\/posts\/13772\/revisions\/13774"}],"wp:featuredmedia":[{"embeddable":true,"href":"https:\/\/partediario.com.ar\/index.php?rest_route=\/wp\/v2\/media\/13773"}],"wp:attachment":[{"href":"https:\/\/partediario.com.ar\/index.php?rest_route=%2Fwp%2Fv2%2Fmedia&parent=13772"}],"wp:term":[{"taxonomy":"category","embeddable":true,"href":"https:\/\/partediario.com.ar\/index.php?rest_route=%2Fwp%2Fv2%2Fcategories&post=13772"},{"taxonomy":"post_tag","embeddable":true,"href":"https:\/\/partediario.com.ar\/index.php?rest_route=%2Fwp%2Fv2%2Ftags&post=13772"}],"curies":[{"name":"wp","href":"https:\/\/api.w.org\/{rel}","templated":true}]}}