{"id":13782,"date":"2025-07-30T09:23:41","date_gmt":"2025-07-30T12:23:41","guid":{"rendered":"https:\/\/partediario.com.ar\/?p=13782"},"modified":"2025-08-01T10:27:03","modified_gmt":"2025-08-01T13:27:03","slug":"cris-morena-viaja-a-miami-tras-enterarse-de-la-muerte-de-su-nieta-mila","status":"publish","type":"post","link":"https:\/\/partediario.com.ar\/?p=13782","title":{"rendered":"Cris Morena viaja a Miami tras enterarse de la muerte de su nieta Mila"},"content":{"rendered":"\n<h2 class=\"wp-block-heading\">Cris Morena atraviesa un dif\u00edcil momento junto a su familia, a causa de la tr\u00e1gica muerte de su nieta Mila, que muri\u00f3 a los siete a\u00f1os por un accidente naval, y al enterarse, la directora y productora infantil tom\u00f3 una r\u00e1pida decisi\u00f3n que le permite acompa\u00f1ar a su hijo Tom\u00e1s, su nuera Sof\u00eda Reca y su nieto Inti de s\u00f3lo 15 a\u00f1os.<\/h2>\n\n\n\n<p>En el contexto de una familia nuevamente devastada, Morena se cruz\u00f3 nuevamente con una cercana muerte s\u00fabita a 15 a\u00f1os del fallecimiento de su hija Romina Yan y enfrent\u00f3 el deceso de su peque\u00f1a nieta. As\u00ed que la noticia le lleg\u00f3 directamente a trav\u00e9s de Tom\u00e1s.<\/p>\n\n\n\n<p>La productora se encontraba en Buenos Aires con un futuro viaje a Uruguay cuando cambi\u00f3 de destino y, en la madrugada del lunes parti\u00f3 rumbo a Miami, en donde se encuentra instalada la familia de Mila. Por su parte, Gustavo Yankelevich estar\u00eda desde antes en la ciudad norteamericana.<\/p>\n\n\n\n<p>La peque\u00f1a y otra menor de 13 a\u00f1os perdieron la vida en el choque n\u00e1utico, mientras otras dos v\u00edctimas permanecen internadas. Por su parte, Pete S\u00e1nchez, vocero del Departamento de Bomberos y Rescate de Miami detall\u00f3: \u00abFue una escena extremadamente ca\u00f3tica, especialmente por tratarse de ni\u00f1os\u00bb.<\/p>\n","protected":false},"excerpt":{"rendered":"<p>Cris Morena atraviesa un dif&iacute;cil momento junto a su familia, a causa de la tr&aacute;gica muerte de su nieta Mila, que muri&oacute; a los siete a&ntilde;os por un accidente naval, y al enterarse, la directora y productora infantil tom&oacute; una r&aacute;pida decisi&oacute;n que le permite acompa&ntilde;ar a su hijo Tom&aacute;s, su nuera Sof&iacute;a Reca y [&hellip;]<\/p>\n","protected":false},"author":2,"featured_media":13783,"comment_status":"open","ping_status":"open","sticky":false,"template":"","format":"standard","meta":{"footnotes":""},"categories":[4329,726],"tags":[6413,3938,6411,908,4140],"class_list":["post-13782","post","type-post","status-publish","format-standard","has-post-thumbnail","hentry","category-espectaculos","category-sociedad","tag-cris-morena","tag-miami","tag-mila-yankelevich","tag-muerte","tag-viaja"],"_links":{"self":[{"href":"https:\/\/partediario.com.ar\/index.php?rest_route=\/wp\/v2\/posts\/13782","targetHints":{"allow":["GET"]}}],"collection":[{"href":"https:\/\/partediario.com.ar\/index.php?rest_route=\/wp\/v2\/posts"}],"about":[{"href":"https:\/\/partediario.com.ar\/index.php?rest_route=\/wp\/v2\/types\/post"}],"author":[{"embeddable":true,"href":"https:\/\/partediario.com.ar\/index.php?rest_route=\/wp\/v2\/users\/2"}],"replies":[{"embeddable":true,"href":"https:\/\/partediario.com.ar\/index.php?rest_route=%2Fwp%2Fv2%2Fcomments&post=13782"}],"version-history":[{"count":1,"href":"https:\/\/partediario.com.ar\/index.php?rest_route=\/wp\/v2\/posts\/13782\/revisions"}],"predecessor-version":[{"id":13784,"href":"https:\/\/partediario.com.ar\/index.php?rest_route=\/wp\/v2\/posts\/13782\/revisions\/13784"}],"wp:featuredmedia":[{"embeddable":true,"href":"https:\/\/partediario.com.ar\/index.php?rest_route=\/wp\/v2\/media\/13783"}],"wp:attachment":[{"href":"https:\/\/partediario.com.ar\/index.php?rest_route=%2Fwp%2Fv2%2Fmedia&parent=13782"}],"wp:term":[{"taxonomy":"category","embeddable":true,"href":"https:\/\/partediario.com.ar\/index.php?rest_route=%2Fwp%2Fv2%2Fcategories&post=13782"},{"taxonomy":"post_tag","embeddable":true,"href":"https:\/\/partediario.com.ar\/index.php?rest_route=%2Fwp%2Fv2%2Ftags&post=13782"}],"curies":[{"name":"wp","href":"https:\/\/api.w.org\/{rel}","templated":true}]}}