{"id":13785,"date":"2025-07-30T20:04:58","date_gmt":"2025-07-30T23:04:58","guid":{"rendered":"https:\/\/partediario.com.ar\/?p=13785"},"modified":"2025-08-01T10:26:59","modified_gmt":"2025-08-01T13:26:59","slug":"patricia-bullrich-podria-ser-candidata-en-octubre-segun-guillermo-francos","status":"publish","type":"post","link":"https:\/\/partediario.com.ar\/?p=13785","title":{"rendered":"Patricia Bullrich podr\u00eda ser candidata en octubre, seg\u00fan Guillermo Francos"},"content":{"rendered":"\n<h2 class=\"wp-block-heading\">El jefe de Gabinete, Guillermo Francos, dej\u00f3 entrever la posibilidad de que la ministra de Seguridad, Patricia Bullrich, compita en las elecciones legislativas nacionales del 26 de octubre, e incluso la ubic\u00f3 como compa\u00f1era de f\u00f3rmula del presidente Javier Milei para las presidenciales de 2027.<\/h2>\n\n\n\n<p>\u201cElla es una dirigente que ha sumado mucho prestigio como ministra de Seguridad, que es reconocida, y adem\u00e1s es cierto que las elecciones de medio t\u00e9rmino se posicionan para las disputas en las elecciones donde se eligen gobernadores y presidentes\u201d, precis\u00f3 en declaraciones televisivas.<\/p>\n\n\n\n<p>Y agreg\u00f3: \u201cPatricia, haciendo una buena elecci\u00f3n a senadora, puede estar posicionada para luchar por la jefatura de gobierno de la ciudad, por ejemplo. As\u00ed que s\u00ed, yo creo que ser\u00eda una buena decisi\u00f3n que se confirme esta presunci\u00f3n de que Patricia sea candidata a senadora\u201d.<\/p>\n\n\n\n<p>\u201cMe la imagino a Patricia m\u00e1s en una funci\u00f3n m\u00e1s ejecutiva, pero tambi\u00e9n podr\u00eda ser una buena candidata a vicepresidente. Puede ser una f\u00f3rmula muy potente: Milei &#8211; Patricia\u201d, destac\u00f3, y acot\u00f3: \u201cUna f\u00f3rmula que impacte, me parece que ser\u00eda una f\u00f3rmula muy buena\u201d.<\/p>\n\n\n\n<p>Rechaz\u00f3 la idea de que el Poder Ejecutivo busque correr de su cargo a la vicepresidenta Victoria Villarruel, aunque adelant\u00f3 que no habr\u00e1 reconciliaci\u00f3n entre los compa\u00f1eros de f\u00f3rmula.<\/p>\n\n\n\n<p>\u201cEl Gobierno tiene un presidente que cumple el rol de ser la cabeza y quien ejerce la funci\u00f3n de gobernar y tiene el rol de la vicepresidenta que cumple tambi\u00e9n su rol institucional\u201d, se\u00f1al\u00f3, y reconoci\u00f3: \u201cEl Presidente tiene algunos reclamos hacia la vicepresidenta o algunas diferencias, y la vicepresidenta tambi\u00e9n se ha expresado en los \u00faltimos d\u00edas con algunas diferencias fuertes, pero \u00bfpor qu\u00e9 va a querer que se vaya? puede ser que por ah\u00ed algunos tuiteros lo planteen y eso\u00bb.<\/p>\n\n\n\n<p>Francos revel\u00f3 que es el interlocutor designado con Villarruel, y pese a que vaticin\u00f3 que no ve posible que recuperen el v\u00ednculo que manten\u00eda con Milei cuando compart\u00edan bancas en el Congreso, prometi\u00f3 que cumplir\u00e1n con sus roles. \u201cNo se van a arreglar, porque adem\u00e1s est\u00e1 tambi\u00e9n la trascendencia que todo este tema ha tenido p\u00fablicamente, as\u00ed que yo dir\u00eda que fundamentalmente van a tener cada uno que cumplir con su rol institucional como lo est\u00e1n haciendo\u201d, indic\u00f3.<\/p>\n\n\n\n<p>Aprovech\u00f3 para descartar la posibilidad de competir en octubre y revel\u00f3 que integra la mesa chica que rodea a Javier Milei en una reedici\u00f3n del Tri\u00e1ngulo de Hierro. \u201cPor ah\u00ed las necesidades del Gobierno, en determinadas circunstancias, hacen que uno juegue un rol o otro. No s\u00e9 si ser parte del tri\u00e1ngulo me pone alguna cosa m\u00e1s, pero yo me siento igual que antes\u201d, se\u00f1al\u00f3.<\/p>\n\n\n\n<p>Para Francos, el asesor presidencial Santiago Caputo permanece en la toma de decisiones de la administraci\u00f3n libertaria al tiempo que remarc\u00f3 que la secretaria general de la Presidencia, Karina Milei, se encarga del armado electoral.<\/p>\n\n\n\n<p>Consultado sobre las listas de la provincia de Buenos Aires, de cara a los comicios del 7 de septiembre y los ruidos internos por los lugares, Francos plante\u00f3: \u201cLos cierres de listas siempre dejan heridos, en particular en el caso de la provincia de Buenos Aires donde nuestra fuerza tiene confluencias de varios sectores\u201d, expres\u00f3.<\/p>\n\n\n\n<p>\u201cEst\u00e1bamos desarrollando una alianza con el PRO, que tambi\u00e9n fue una alianza compleja, pero al final lo hicimos, y me parece que s\u00ed hay que tener en cuenta, que pese a todas esas dificultades, presentamos nuestras listas de candidatos en los t\u00e9rminos que marcaba la ley\u201d, se escud\u00f3.<\/p>\n\n\n\n<p>Finalizando, omiti\u00f3 anticipar candidatos de cara a las n\u00f3minas de octubre, no descart\u00f3 un desembarco de referentes del PRO en el Gabinete post elecciones, y pidi\u00f3 replicar un acuerdo con el PRO para la competencia, aunque rechaz\u00f3 un acercamiento con el jefe de Gobierno porte\u00f1o, Jorge Macri.<\/p>\n\n\n\n<p>\u201cSer ministro del gobierno es una decisi\u00f3n del Presidente de la Rep\u00fablica. Creo que los dirigentes importantes de nuestro partido y de las fuerzas aliadas siempre est\u00e1n en la consideraci\u00f3n del presidente\u201d, cerr\u00f3.<\/p>\n","protected":false},"excerpt":{"rendered":"<p>El jefe de Gabinete, Guillermo Francos, dej&oacute; entrever la posibilidad de que la ministra de Seguridad, Patricia Bullrich, compita en las elecciones legislativas nacionales del 26 de octubre, e incluso la ubic&oacute; como compa&ntilde;era de f&oacute;rmula del presidente Javier Milei para las presidenciales de 2027. &ldquo;Ella es una dirigente que ha sumado mucho prestigio como [&hellip;]<\/p>\n","protected":false},"author":2,"featured_media":13786,"comment_status":"open","ping_status":"open","sticky":false,"template":"","format":"standard","meta":{"footnotes":""},"categories":[5,176],"tags":[6348,329,232,3542,510,233],"class_list":["post-13785","post","type-post","status-publish","format-standard","has-post-thumbnail","hentry","category-nacionales","category-politica","tag-candidata","tag-guillermo-francos","tag-javier-milei","tag-octubre","tag-patricia-bullrich","tag-victoria-villarruel"],"_links":{"self":[{"href":"https:\/\/partediario.com.ar\/index.php?rest_route=\/wp\/v2\/posts\/13785","targetHints":{"allow":["GET"]}}],"collection":[{"href":"https:\/\/partediario.com.ar\/index.php?rest_route=\/wp\/v2\/posts"}],"about":[{"href":"https:\/\/partediario.com.ar\/index.php?rest_route=\/wp\/v2\/types\/post"}],"author":[{"embeddable":true,"href":"https:\/\/partediario.com.ar\/index.php?rest_route=\/wp\/v2\/users\/2"}],"replies":[{"embeddable":true,"href":"https:\/\/partediario.com.ar\/index.php?rest_route=%2Fwp%2Fv2%2Fcomments&post=13785"}],"version-history":[{"count":1,"href":"https:\/\/partediario.com.ar\/index.php?rest_route=\/wp\/v2\/posts\/13785\/revisions"}],"predecessor-version":[{"id":13787,"href":"https:\/\/partediario.com.ar\/index.php?rest_route=\/wp\/v2\/posts\/13785\/revisions\/13787"}],"wp:featuredmedia":[{"embeddable":true,"href":"https:\/\/partediario.com.ar\/index.php?rest_route=\/wp\/v2\/media\/13786"}],"wp:attachment":[{"href":"https:\/\/partediario.com.ar\/index.php?rest_route=%2Fwp%2Fv2%2Fmedia&parent=13785"}],"wp:term":[{"taxonomy":"category","embeddable":true,"href":"https:\/\/partediario.com.ar\/index.php?rest_route=%2Fwp%2Fv2%2Fcategories&post=13785"},{"taxonomy":"post_tag","embeddable":true,"href":"https:\/\/partediario.com.ar\/index.php?rest_route=%2Fwp%2Fv2%2Ftags&post=13785"}],"curies":[{"name":"wp","href":"https:\/\/api.w.org\/{rel}","templated":true}]}}