{"id":13788,"date":"2025-07-30T20:12:31","date_gmt":"2025-07-30T23:12:31","guid":{"rendered":"https:\/\/partediario.com.ar\/?p=13788"},"modified":"2025-08-01T10:26:56","modified_gmt":"2025-08-01T13:26:56","slug":"a-pesar-de-la-fuerte-polemica-el-gobierno-por-ahora-mantiene-a-cuneo-libarona-en-el-gabinete","status":"publish","type":"post","link":"https:\/\/partediario.com.ar\/?p=13788","title":{"rendered":"A pesar de la fuerte pol\u00e9mica, el Gobierno por ahora mantiene a C\u00faneo Libarona en el Gabinete"},"content":{"rendered":"\n<h2 class=\"wp-block-heading\">El video que se viraliz\u00f3 en las \u00faltimas horas y que muestra al ministro de Justicia de la Naci\u00f3n, Mariano C\u00faneo Libarona, ofreciendo servicios y contactos a Tim Ballard, un pol\u00e9mico activista, para \u00abmejorar su imagen\u00bb, parece no preocupar al presidente Javier Milei que descarta correrlo del Gabinete, en esta oportunidad, y contraataca a los periodistas que lo difundieron.<\/h2>\n\n\n\n<ul class=\"wp-block-list\">\n<li>Por Sofia Rojas<\/li>\n<\/ul>\n\n\n\n<p>Luego de que se lo viera al ministro ofrecerle a Ballard su influencia directa en otros poderes del Estado con reuniones con jueces y acceso a los medios de comunicaci\u00f3n, una importante fuente de Casa Rosada revel\u00f3 ante la agencia NA que el abogado permanecer\u00e1 -por ahora- en su cargo y sostuvo que el fragmento del intercambio con el estadounidense se dio en el marco de \u00abuna reuni\u00f3n oficial\u00bb.<\/p>\n\n\n\n<p>\u00ab(Jorge) Rial y Mauro De Federico lo difaman. Recortaron un fragmento de la grabaci\u00f3n para tergiversarlo y hacerlo quedar como una c\u00e1mara oculta cuando fue una reuni\u00f3n oficial\u00bb, sintetiz\u00f3 un funcionario a esta agencia respecto a los comunicadores que difundieron las im\u00e1genes.<\/p>\n\n\n\n<p>Lo cierto es que el intercambio del C\u00faneo Libarona con el ex agente federal, conocido por la pel\u00edcula \u201cSonido de Libertad\u201d, despert\u00f3 el rechazo de la oposici\u00f3n que sali\u00f3 a exigir su renuncia.<\/p>\n\n\n\n<p>La posibilidad no solo no est\u00e1 en carpeta sino que alterar\u00eda los planes de la gesti\u00f3n. \u00abEs un fragmento de un video. No hay que tomarlo solo como eso. No lo van a correr y no va a haber aclaraciones\u00bb, anticip\u00f3 otra voz del Gabinete.<\/p>\n\n\n\n<p>Seg\u00fan trascendi\u00f3 el mandatario no solicit\u00f3 explicaciones respecto al tema, y por el momento, no tiene pensado aplicar la famosa guillotina para correrlo del cargo. Por los pasillos de Balcarce 50, sobrevuela la idea que el nombre del medi\u00e1tico abogado podr\u00eda integrar la lista de los reajustes en el equipo que har\u00e1 el Poder Ejecutivo post elecciones nacionales del 26 de octubre.<\/p>\n\n\n\n<p>Con ese plan en mente, los interlocutores violetas ensayan un argumento para correr al ministro del centro de la escena, mantenerlo en su lugar sin grandes sobresaltos, y eximirlo de responsabilidades. Incluso hay quienes se atreven a destacar la figura de Ballard en la escena de la derecha internacional.<\/p>\n\n\n\n<p>Sin embargo, hay voces en las filas libertarias que admiten que el ofrecimiento a Ballard para \u201ccambiar ese malentendido que hubo en el pa\u00eds\u201d sobre su figura fue \u00abun horror\u00bb, aunque reafirman que, por estas horas, seguir\u00e1 al frente de la cartera que lleva a Sebasti\u00e1n Amerio, ladero del asesor presidencial, Santiago Caputo, como el ministro en las sombras.<\/p>\n\n\n\n<p>Pese a que la ministra de Seguridad, Patricia Bullrich, supo alertar al mandatario para que evitara a Tim Ballard, luego de que se difundiera una foto juntos en el marco de la Conferencia Pol\u00edtica de Acci\u00f3n Conservadora (CPAC), a ra\u00edz de las denuncias que acumula en su contra por abuso sexual, en las filas de La Libertad Avanza minimizan el cruce.<\/p>\n\n\n\n<p>\u00abTuvo un entredicho con Patricia Bullrich porque intent\u00f3 meterse en la investigaci\u00f3n del caso Loan sin ser autorizado, pero no m\u00e1s que eso\u00bb, explicaron.<\/p>\n\n\n\n<p>Lo cierto es que en una entrevista que concedi\u00f3 al canal NG Federal en abril \u00faltimo, la funcionaria remarc\u00f3 que Ballard \u201ctiene 23 causas por abuso, fue echado de todas las organizaciones de lucha contra la trata de las que hab\u00eda sido parte\u201d, y que impidi\u00f3 que se entrevistase con el mandatario.<\/p>\n\n\n\n<p>Al respecto, el jefe de Gabinete, Guillermo Francos, sostuvo que C\u00faneo Libarona se limit\u00f3 a conversar sobre un tema que es de preocupaci\u00f3n y asegur\u00f3 que no tiene nada que reprocharle al ministro. \u00abNo vi el video, pero no creo que le ofrezca su servicios\u00bb, descart\u00f3.<\/p>\n\n\n\n<p>\u00ab(El ministro de Justicia) Convers\u00f3 sobre un tema que es preocupaci\u00f3n, que casualmente se vio ahora. Se acaba de ver un caso que pas\u00f3 en la Argentina donde una se\u00f1ora divorciada lo denuncia a su ex marido, por abuso de sus hijos y ahora el hijo acaba de reconocer que fue un abuso de la madre\u00bb, ejemplific\u00f3 en declaraciones a CNN Radio.<\/p>\n\n\n\n<ul class=\"wp-block-list\">\n<li>Marplatense. Licenciada en Comunicaci\u00f3n Social con Orientaci\u00f3n en Periodismo de la UNLP. Adem\u00e1s, periodista deportiva y profesora en Comunicaci\u00f3n Social. Acreditada en Casa Rosada por la agencia Noticias Argentinas desde 2021. Entre 2020 y 2021 se desempe\u00f1\u00f3 como CM en Radio Rivadavia.<\/li>\n<\/ul>\n","protected":false},"excerpt":{"rendered":"<p>El video que se viraliz&oacute; en las &uacute;ltimas horas y que muestra al ministro de Justicia de la Naci&oacute;n, Mariano C&uacute;neo Libarona, ofreciendo servicios y contactos a Tim Ballard, un pol&eacute;mico activista, para &laquo;mejorar su imagen&raquo;, parece no preocupar al presidente Javier Milei que descarta correrlo del Gabinete, en esta oportunidad, y contraataca a los [&hellip;]<\/p>\n","protected":false},"author":2,"featured_media":13789,"comment_status":"open","ping_status":"open","sticky":false,"template":"","format":"standard","meta":{"footnotes":""},"categories":[5,176],"tags":[232,1270,510,2512,6408],"class_list":["post-13788","post","type-post","status-publish","format-standard","has-post-thumbnail","hentry","category-nacionales","category-politica","tag-javier-milei","tag-mariano-cuneo-libarona","tag-patricia-bullrich","tag-polemica","tag-tim-ballard"],"_links":{"self":[{"href":"https:\/\/partediario.com.ar\/index.php?rest_route=\/wp\/v2\/posts\/13788","targetHints":{"allow":["GET"]}}],"collection":[{"href":"https:\/\/partediario.com.ar\/index.php?rest_route=\/wp\/v2\/posts"}],"about":[{"href":"https:\/\/partediario.com.ar\/index.php?rest_route=\/wp\/v2\/types\/post"}],"author":[{"embeddable":true,"href":"https:\/\/partediario.com.ar\/index.php?rest_route=\/wp\/v2\/users\/2"}],"replies":[{"embeddable":true,"href":"https:\/\/partediario.com.ar\/index.php?rest_route=%2Fwp%2Fv2%2Fcomments&post=13788"}],"version-history":[{"count":1,"href":"https:\/\/partediario.com.ar\/index.php?rest_route=\/wp\/v2\/posts\/13788\/revisions"}],"predecessor-version":[{"id":13790,"href":"https:\/\/partediario.com.ar\/index.php?rest_route=\/wp\/v2\/posts\/13788\/revisions\/13790"}],"wp:featuredmedia":[{"embeddable":true,"href":"https:\/\/partediario.com.ar\/index.php?rest_route=\/wp\/v2\/media\/13789"}],"wp:attachment":[{"href":"https:\/\/partediario.com.ar\/index.php?rest_route=%2Fwp%2Fv2%2Fmedia&parent=13788"}],"wp:term":[{"taxonomy":"category","embeddable":true,"href":"https:\/\/partediario.com.ar\/index.php?rest_route=%2Fwp%2Fv2%2Fcategories&post=13788"},{"taxonomy":"post_tag","embeddable":true,"href":"https:\/\/partediario.com.ar\/index.php?rest_route=%2Fwp%2Fv2%2Ftags&post=13788"}],"curies":[{"name":"wp","href":"https:\/\/api.w.org\/{rel}","templated":true}]}}