{"id":13791,"date":"2025-07-30T20:19:02","date_gmt":"2025-07-30T23:19:02","guid":{"rendered":"https:\/\/partediario.com.ar\/?p=13791"},"modified":"2025-08-01T10:26:52","modified_gmt":"2025-08-01T13:26:52","slug":"kicillof-y-massa-mantuvieron-una-reunion-con-intendentes-en-san-fernando-para-unificar-la-campana-electoral","status":"publish","type":"post","link":"https:\/\/partediario.com.ar\/?p=13791","title":{"rendered":"Kicillof y Massa mantuvieron una reuni\u00f3n con intendentes en San Fernando para \u201cunificar\u201d la campa\u00f1a electoral"},"content":{"rendered":"\n<h2 class=\"wp-block-heading\">El gobernador bonaerense Axel Kicillof y el referente del Frente Renovador Sergio Massa encabezaron una cumbre con 24 intendentes peronistas en San Fernando para \u201cdejar de lado diferencias\u201d y \u201cunificar\u201d, la campa\u00f1a contra el armado pol\u00edtico del presidente Milei en la Primera Secci\u00f3n Electoral.<\/h2>\n\n\n\n<p>Seg\u00fan supo <a href=\"https:\/\/partediario.com.ar\"><strong>partediario.com.ar<\/strong><\/a> de fuentes partidarias, la reuni\u00f3n se dio en un encuentro que organiz\u00f3 el ministro de Infraestructura bonaerense Gabriel Katopodis con jefes comunales para \u201cprogramar\u201d actividades proselitistas en los municipios de la Primera.<\/p>\n\n\n\n<p>Durante el c\u00f3nclave, se trat\u00f3 de delinear c\u00f3mo \u201cencarar la elecci\u00f3n en cada municipio\u201d e identificar \u201ccu\u00e1les son los distritos a fortalecer\u201d dentro del armado territorial de Fuerza Patria en esa secci\u00f3n.<\/p>\n\n\n\n<p>La reuni\u00f3n se realiz\u00f3 anoche en tierras del intendente local Juan Andreotti, hombre de confianza de Massa, y cont\u00f3 adem\u00e1s con la presencia del ex intendente de Ituzaing\u00f3 Alberto Descalzo.<\/p>\n\n\n\n<p>En este contexto, los jefes de Fuerza Patria, el primer candidato a senador por la secci\u00f3n y los intendentes acordaron \u201cdejar de lado las diferencias y trabajar en unidad la campa\u00f1a con un concepto de igualdad\u201d, indicaron fuentes peronistas.<\/p>\n\n\n\n<p>\u201cEl foco central es que hay que frenar a Milei\u201d, dejaron entrever desde FP con relaci\u00f3n a la idea de pasar la p\u00e1gina de las disputas entre las diferentes tribus de la alianza y concentrarse en ganar las provinciales para evitar otro triunfo libertario de cara a las elecciones nacionales del 26 de octubre.<\/p>\n\n\n\n<p>Luego del encuentro, los jefes comunales se llevaron la misi\u00f3n de reforzar los \u201cactos barriales\u201d y la campa\u00f1a \u201cpuerta a puerta\u201d para escuchar a los vecinos de los distintos municipios de una secci\u00f3n clave, donde los \u00faltimos sondeos no fueron favorables al justicialismo provincial.<\/p>\n\n\n\n<p>La reuni\u00f3n con jefes territoriales estaba organizado desde el jueves pasado y Katopodis fue el que hizo extensiva invitaci\u00f3n a Massa porque \u201cconoce bien la secci\u00f3n\u201d. Kicillof tambi\u00e9n hab\u00eda sido invitado, pero estaba en duda su presencia. Finalmente se concret\u00f3 alrededor de las 20 de este martes.<\/p>\n\n\n\n<p>De este modo, en l\u00ednea con la premisa de limar asperezas despu\u00e9s del cierre de listas, parte de la c\u00fapula de Fuerza Patria afin\u00f3 su estrategia en la secci\u00f3n de mayor peso electoral. All\u00ed, la alianza peronista deber\u00e1 enfrentar al actual intendente de Tres de Febrero Diego Valenzuela, quien a principios de 2025 hab\u00eda anunciado su salida del PRO para incorporarse al oficialismo.<\/p>\n","protected":false},"excerpt":{"rendered":"<p>El gobernador bonaerense Axel Kicillof y el referente del Frente Renovador Sergio Massa encabezaron una cumbre con 24 intendentes peronistas en San Fernando para &ldquo;dejar de lado diferencias&rdquo; y &ldquo;unificar&rdquo;, la campa&ntilde;a contra el armado pol&iacute;tico del presidente Milei en la Primera Secci&oacute;n Electoral. Seg&uacute;n supo partediario.com.ar de fuentes partidarias, la reuni&oacute;n se dio en [&hellip;]<\/p>\n","protected":false},"author":2,"featured_media":13792,"comment_status":"open","ping_status":"open","sticky":false,"template":"","format":"standard","meta":{"footnotes":""},"categories":[176,8],"tags":[1112,2187,232,5270,373,3913,1705],"class_list":["post-13791","post","type-post","status-publish","format-standard","has-post-thumbnail","hentry","category-politica","category-provinciales","tag-axel-kicillof","tag-intendentes","tag-javier-milei","tag-listas","tag-reunion","tag-san-fernando","tag-sergio-massa"],"_links":{"self":[{"href":"https:\/\/partediario.com.ar\/index.php?rest_route=\/wp\/v2\/posts\/13791","targetHints":{"allow":["GET"]}}],"collection":[{"href":"https:\/\/partediario.com.ar\/index.php?rest_route=\/wp\/v2\/posts"}],"about":[{"href":"https:\/\/partediario.com.ar\/index.php?rest_route=\/wp\/v2\/types\/post"}],"author":[{"embeddable":true,"href":"https:\/\/partediario.com.ar\/index.php?rest_route=\/wp\/v2\/users\/2"}],"replies":[{"embeddable":true,"href":"https:\/\/partediario.com.ar\/index.php?rest_route=%2Fwp%2Fv2%2Fcomments&post=13791"}],"version-history":[{"count":1,"href":"https:\/\/partediario.com.ar\/index.php?rest_route=\/wp\/v2\/posts\/13791\/revisions"}],"predecessor-version":[{"id":13793,"href":"https:\/\/partediario.com.ar\/index.php?rest_route=\/wp\/v2\/posts\/13791\/revisions\/13793"}],"wp:featuredmedia":[{"embeddable":true,"href":"https:\/\/partediario.com.ar\/index.php?rest_route=\/wp\/v2\/media\/13792"}],"wp:attachment":[{"href":"https:\/\/partediario.com.ar\/index.php?rest_route=%2Fwp%2Fv2%2Fmedia&parent=13791"}],"wp:term":[{"taxonomy":"category","embeddable":true,"href":"https:\/\/partediario.com.ar\/index.php?rest_route=%2Fwp%2Fv2%2Fcategories&post=13791"},{"taxonomy":"post_tag","embeddable":true,"href":"https:\/\/partediario.com.ar\/index.php?rest_route=%2Fwp%2Fv2%2Ftags&post=13791"}],"curies":[{"name":"wp","href":"https:\/\/api.w.org\/{rel}","templated":true}]}}