{"id":13802,"date":"2025-08-01T09:54:18","date_gmt":"2025-08-01T12:54:18","guid":{"rendered":"https:\/\/partediario.com.ar\/?p=13802"},"modified":"2025-08-02T10:04:56","modified_gmt":"2025-08-02T13:04:56","slug":"denunciaron-a-mariano-cuneo-libarona-por-violacion-de-deberes-de-funcionario-publico-y-cohecho","status":"publish","type":"post","link":"https:\/\/partediario.com.ar\/?p=13802","title":{"rendered":"Denunciaron a Mariano C\u00faneo Libarona por \u201cviolaci\u00f3n de deberes de funcionario p\u00fablico\u201d y \u201ccohecho\u201d"},"content":{"rendered":"\n<h2 class=\"wp-block-heading\">Una denuncia contra el ministro de Justicia, Mariano C\u00faneo Libarona, qued\u00f3 radicada hoy en los tribunales federales por el titular de la Fundaci\u00f3n \u201cLa Alameda\u201d, Gustavo Vera, tras el video que se viraliz\u00f3 en redes sociales en el que el funcionario ofrece sus servicios al ex agente de la CIA Tim Ballard, para lavar su imagen.<\/h2>\n\n\n\n<p>La denuncia acusa a C\u00faneo Libarona por \u201cAbuso de autoridad y violaci\u00f3n de los deberes de funcionario p\u00fablico\u201d, y por \u201cCohecho\u201d, por sorteo qued\u00f3 a cargo del Juzgado Criminal y Correccional Federal 9.<\/p>\n\n\n\n<p>La denuncia de Vera contra C\u00faneo Libarona apunta a la conducta del ministro en el mencionado video, en el que le ofrece a Ballard su intermediaci\u00f3n para \u201clavar su imagen\u201d y le propone para ese fin presentarle a jueces, legisladores y periodistas.<\/p>\n\n\n\n<p>\u201cYo te puedo ayudar para cambiar el malentendido que hubo en nuestro pa\u00eds, yo te consigo medios\u00bb, le se\u00f1ala el ministro al ex agente, que est\u00e1 denunciado en los Estados Unidos por estafas por una suma de alrededor de 50 millones de d\u00f3lares y por abuso.<\/p>\n\n\n\n<p>Adem\u00e1s, de acuerdo a la ministra de Seguridad, Patricia Bullrich, Ballard \u201ctiene 23 causas por abuso, fue echado de todas las organizaciones de lucha contra la trata de las que hab\u00eda sido parte\u201d, y recientemente trat\u00f3 de entrevistarse con el presidente Javier Milei pero ella se lo impidi\u00f3.<\/p>\n\n\n\n<p>C\u00faneo Libarona le dice en el video a Ballard que, inspirado en \u201cSonido de Libertad\u201d un documental que protagoniz\u00f3 el ex agente, elabor\u00f3 nuevas tipificaciones penales y le ofreci\u00f3 envi\u00e1rselos para que los revise antes de ser enviados al Congreso.<\/p>\n\n\n\n<p>\u00abLa semana que viene te voy a mandar, para que tu abogada las vea, las figuras penales y delitos que yo cree el fin de semana siguiente al ver tu pel\u00edcula. Escrib\u00ed un modelo y te lo voy a mandar para que lo mires, es lo que voy a mandar al Congreso Nacional\u00bb, le manifiesta en funcionario a Ballard.<\/p>\n\n\n\n<p>La denuncia presentada por Vera acusa al ministro de \u201cabuso de autoridad\u201d e invoca para ello el art\u00edculo 248 del C\u00f3digo Penal, que establece penas \u201cde un mes a dos a\u00f1os e inhabilitaci\u00f3n especial por doble tiempo\u201d.<\/p>\n\n\n\n<p>Adem\u00e1s, al responsabilizarlo del delito de \u201ccohecho\u201d apunta a lo prescripto en el art\u00edculo 256 bis del mismo c\u00f3digo, que prev\u00e9 \u201cprisi\u00f3n de uno a seis a\u00f1os e inhabilitaci\u00f3n especial perpetua para ejercer cargos p\u00fablicos\u201d.<\/p>\n\n\n\n<p>Vera es presidente de la \u201cFundaci\u00f3n La Alameda\u201d, creada en 2001 para luchar contra la trata de personas, el trabajo esclavo, la explotaci\u00f3n infantil, el proxenetismo, el narcotr\u00e1fico y el lavado de dinero.<\/p>\n\n\n\n<p>Entre 2013 y 2017 fue legislador porte\u00f1o en representaci\u00f3n del Frente Amplio UNEN, una alianza integrada por los partidos Coalici\u00f3n C\u00edvica ARI, Proyecto Sur, Libres del Sur, Partido Socialista, Partido Socialista Aut\u00e9ntico, Uni\u00f3n C\u00edvica Radical y el partido GEN.<\/p>\n","protected":false},"excerpt":{"rendered":"<p>Una denuncia contra el ministro de Justicia, Mariano C&uacute;neo Libarona, qued&oacute; radicada hoy en los tribunales federales por el titular de la Fundaci&oacute;n &ldquo;La Alameda&rdquo;, Gustavo Vera, tras el video que se viraliz&oacute; en redes sociales en el que el funcionario ofrece sus servicios al ex agente de la CIA Tim Ballard, para lavar su [&hellip;]<\/p>\n","protected":false},"author":2,"featured_media":13803,"comment_status":"open","ping_status":"open","sticky":false,"template":"","format":"standard","meta":{"footnotes":""},"categories":[979,5,7],"tags":[6420,812,4167,6418,1270,6408,6419],"class_list":["post-13802","post","type-post","status-publish","format-standard","has-post-thumbnail","hentry","category-judiciales","category-nacionales","category-policiales","tag-cohecho","tag-denuncia","tag-gustavo-vera","tag-la-alameda","tag-mariano-cuneo-libarona","tag-tim-ballard","tag-violaciin-de-deberes-de-funcionario-publico"],"_links":{"self":[{"href":"https:\/\/partediario.com.ar\/index.php?rest_route=\/wp\/v2\/posts\/13802","targetHints":{"allow":["GET"]}}],"collection":[{"href":"https:\/\/partediario.com.ar\/index.php?rest_route=\/wp\/v2\/posts"}],"about":[{"href":"https:\/\/partediario.com.ar\/index.php?rest_route=\/wp\/v2\/types\/post"}],"author":[{"embeddable":true,"href":"https:\/\/partediario.com.ar\/index.php?rest_route=\/wp\/v2\/users\/2"}],"replies":[{"embeddable":true,"href":"https:\/\/partediario.com.ar\/index.php?rest_route=%2Fwp%2Fv2%2Fcomments&post=13802"}],"version-history":[{"count":1,"href":"https:\/\/partediario.com.ar\/index.php?rest_route=\/wp\/v2\/posts\/13802\/revisions"}],"predecessor-version":[{"id":13804,"href":"https:\/\/partediario.com.ar\/index.php?rest_route=\/wp\/v2\/posts\/13802\/revisions\/13804"}],"wp:featuredmedia":[{"embeddable":true,"href":"https:\/\/partediario.com.ar\/index.php?rest_route=\/wp\/v2\/media\/13803"}],"wp:attachment":[{"href":"https:\/\/partediario.com.ar\/index.php?rest_route=%2Fwp%2Fv2%2Fmedia&parent=13802"}],"wp:term":[{"taxonomy":"category","embeddable":true,"href":"https:\/\/partediario.com.ar\/index.php?rest_route=%2Fwp%2Fv2%2Fcategories&post=13802"},{"taxonomy":"post_tag","embeddable":true,"href":"https:\/\/partediario.com.ar\/index.php?rest_route=%2Fwp%2Fv2%2Ftags&post=13802"}],"curies":[{"name":"wp","href":"https:\/\/api.w.org\/{rel}","templated":true}]}}