{"id":13805,"date":"2025-08-01T10:16:46","date_gmt":"2025-08-01T13:16:46","guid":{"rendered":"https:\/\/partediario.com.ar\/?p=13805"},"modified":"2025-08-02T10:04:50","modified_gmt":"2025-08-02T13:04:50","slug":"en-el-2027-voy-a-ser-reelecto-senalo-javier-milei","status":"publish","type":"post","link":"https:\/\/partediario.com.ar\/?p=13805","title":{"rendered":"\u00abEn el 2027 voy a ser reelecto\u00bb, se\u00f1al\u00f3 Javier Milei"},"content":{"rendered":"\n<h2 class=\"wp-block-heading\">El presidente Javier Milei se\u00f1al\u00f3 anoche que piensa en reformas para un pr\u00f3ximo mandato, dado que proyecta que en 2027 va a lograr su reelecci\u00f3n.<\/h2>\n\n\n\n<p>\u00abEn el 2027 voy a ser reelecto\u00bb, sentenci\u00f3 luego de ser consultado si daba por hecho que va a gobernar en el pr\u00f3ximo per\u00edodo presidencial, durante una entrevista en el canal de streaming Neura.<\/p>\n\n\n\n<p>Adem\u00e1s el mandatario apunt\u00f3 nuevamente contra su vicepresidenta Victoria Villarruel: \u00abLa traidora dio lugar a una sesi\u00f3n ilegal para que rompan el equilibrio fiscal\u00bb, indic\u00f3 haciendo referencia a la discusi\u00f3n en el Senado semanas atr\u00e1s en la que la oposici\u00f3n convirti\u00f3 en ley un aumento para jubilados y otras iniciativas.<\/p>\n\n\n\n<p>En otro tramo, embisti\u00f3 contra el kirchnerismo, cuando expres\u00f3 que \u00abel 60 por ciento de la deuda es de los kukas, deuda que hoy es de 450 mil millones de d\u00f3lares\u00bb, y acot\u00f3: \u00abson una secta los kukas, no importa que el dato sea bueno, dicen \u00abest\u00e1 todo mal\u00bb y listo\u00bb.<\/p>\n\n\n\n<p>De la entrevista fue parte el ministro de Econom\u00eda, Luis Caputo, quien fue consultado por la suba del d\u00f3lar durante la jornada: \u00abEn 18 meses ya pas\u00f3 tres o cuatro veces. Argentina no est\u00e1 acostumbrada a que el tipo de cambio flote, que es que puede subir o bajar. Tenemos controlada la cantidad de dinero, la flotaci\u00f3n ahora funciona igual que en un pa\u00eds normal\u00bb.<\/p>\n\n\n\n<p>Milei, por su parte, a\u00f1adi\u00f3 que la suba del divisa tuvo detr\u00e1s a sectores ligados al kirchnerismo e incluso detall\u00f3: \u00abMandan a la basura de (el economista estadounidense Joseph) Stiglitz a pronosticar el apocalipsis\u00bb, a quien acus\u00f3 de recibir dinero de ese sector pol\u00edtico.<\/p>\n\n\n\n<p>El jefe de Estado rechaz\u00f3 adem\u00e1s las cr\u00edticas de la oposici\u00f3n que plantea que sus pol\u00edticas econ\u00f3micas llevar\u00edan a la pobreza: \u00abNosotros queremos un pa\u00eds donde el PBI sea de 80 mil d\u00f3lares como Estados Unidos, pero no se alcanza de un d\u00eda para el otro\u00bb, cerr\u00f3.<\/p>\n\n\n\n<p><\/p>\n","protected":false},"excerpt":{"rendered":"<p>El presidente Javier Milei se&ntilde;al&oacute; anoche que piensa en reformas para un pr&oacute;ximo mandato, dado que proyecta que en 2027 va a lograr su reelecci&oacute;n. &laquo;En el 2027 voy a ser reelecto&raquo;, sentenci&oacute; luego de ser consultado si daba por hecho que va a gobernar en el pr&oacute;ximo per&iacute;odo presidencial, durante una entrevista en el [&hellip;]<\/p>\n","protected":false},"author":2,"featured_media":13806,"comment_status":"open","ping_status":"open","sticky":false,"template":"","format":"standard","meta":{"footnotes":""},"categories":[5,176],"tags":[6421,232],"class_list":["post-13805","post","type-post","status-publish","format-standard","has-post-thumbnail","hentry","category-nacionales","category-politica","tag-6421","tag-javier-milei"],"_links":{"self":[{"href":"https:\/\/partediario.com.ar\/index.php?rest_route=\/wp\/v2\/posts\/13805","targetHints":{"allow":["GET"]}}],"collection":[{"href":"https:\/\/partediario.com.ar\/index.php?rest_route=\/wp\/v2\/posts"}],"about":[{"href":"https:\/\/partediario.com.ar\/index.php?rest_route=\/wp\/v2\/types\/post"}],"author":[{"embeddable":true,"href":"https:\/\/partediario.com.ar\/index.php?rest_route=\/wp\/v2\/users\/2"}],"replies":[{"embeddable":true,"href":"https:\/\/partediario.com.ar\/index.php?rest_route=%2Fwp%2Fv2%2Fcomments&post=13805"}],"version-history":[{"count":1,"href":"https:\/\/partediario.com.ar\/index.php?rest_route=\/wp\/v2\/posts\/13805\/revisions"}],"predecessor-version":[{"id":13807,"href":"https:\/\/partediario.com.ar\/index.php?rest_route=\/wp\/v2\/posts\/13805\/revisions\/13807"}],"wp:featuredmedia":[{"embeddable":true,"href":"https:\/\/partediario.com.ar\/index.php?rest_route=\/wp\/v2\/media\/13806"}],"wp:attachment":[{"href":"https:\/\/partediario.com.ar\/index.php?rest_route=%2Fwp%2Fv2%2Fmedia&parent=13805"}],"wp:term":[{"taxonomy":"category","embeddable":true,"href":"https:\/\/partediario.com.ar\/index.php?rest_route=%2Fwp%2Fv2%2Fcategories&post=13805"},{"taxonomy":"post_tag","embeddable":true,"href":"https:\/\/partediario.com.ar\/index.php?rest_route=%2Fwp%2Fv2%2Ftags&post=13805"}],"curies":[{"name":"wp","href":"https:\/\/api.w.org\/{rel}","templated":true}]}}