{"id":13808,"date":"2025-08-01T10:20:38","date_gmt":"2025-08-01T13:20:38","guid":{"rendered":"https:\/\/partediario.com.ar\/?p=13808"},"modified":"2025-08-02T10:04:47","modified_gmt":"2025-08-02T13:04:47","slug":"la-energia-electrica-se-incrementa-en-un-2-en-amba","status":"publish","type":"post","link":"https:\/\/partediario.com.ar\/?p=13808","title":{"rendered":"La energ\u00eda el\u00e9ctrica se incrementa en un 2% en AMBA"},"content":{"rendered":"\n<h2 class=\"wp-block-heading\">Las tarifas de energ\u00eda el\u00e9ctrica en la zona del AMBA atendidas por las empresas EDENOR y EDESUR, tendr\u00e1n un ajuste de 2% desde este viernes 1\u00b0 de agosto, seg\u00fan disposici\u00f3n del ENRE.<\/h2>\n\n\n\n<p>La informaci\u00f3n se desprende de las resoluciones 568 y 569 de ese organismo que se publicaron hoy en el Bolet\u00edn Oficial.<\/p>\n\n\n\n<p>La suba est\u00e1 en l\u00ednea con la inflaci\u00f3n de julio y la esperada para el mes que comienza.<\/p>\n\n\n\n<p>Este aumento es parte del proceso de actualizaci\u00f3n de las tarifas que incluy\u00f3 otra tira de resoluciones que dispon\u00edan alzas en la generaci\u00f3n y el transporte.<\/p>\n\n\n\n<p>Por las resoluci\u00f3n 549 a 567\/2025 del ENRE dispuso un alza de entre 1,64% y 11,15% para el servicio de transporte de energ\u00eda el\u00e9ctrica.<\/p>\n\n\n\n<p>A su vez, por las resoluciones 539 y 540\/2025 del ENARGAS se aprobaron los nuevos cuadros tarifarios para las empresas Transportadora Gas del Sur y Transportadora de Gas del Norte tambi\u00e9n a partir del 1\u00b0 de enero.<\/p>\n\n\n\n<p>Y por las resoluciones 541 a 560\/ 2025 ENARGAS aprob\u00f3 los aumentos de los servicios de transporte y distribuci\u00f3n en el servicio de gas.<\/p>\n","protected":false},"excerpt":{"rendered":"<p>Las tarifas de energ&iacute;a el&eacute;ctrica en la zona del AMBA atendidas por las empresas EDENOR y EDESUR, tendr&aacute;n un ajuste de 2% desde este viernes 1&deg; de agosto, seg&uacute;n disposici&oacute;n del ENRE. La informaci&oacute;n se desprende de las resoluciones 568 y 569 de ese organismo que se publicaron hoy en el Bolet&iacute;n Oficial. La suba [&hellip;]<\/p>\n","protected":false},"author":2,"featured_media":13809,"comment_status":"open","ping_status":"open","sticky":false,"template":"","format":"standard","meta":{"footnotes":""},"categories":[5,726],"tags":[2186,622,3199,3200,6279,314,5006],"class_list":["post-13808","post","type-post","status-publish","format-standard","has-post-thumbnail","hentry","category-nacionales","category-sociedad","tag-amba","tag-aumento","tag-edenor","tag-edesur","tag-enargas","tag-energia","tag-enre"],"_links":{"self":[{"href":"https:\/\/partediario.com.ar\/index.php?rest_route=\/wp\/v2\/posts\/13808","targetHints":{"allow":["GET"]}}],"collection":[{"href":"https:\/\/partediario.com.ar\/index.php?rest_route=\/wp\/v2\/posts"}],"about":[{"href":"https:\/\/partediario.com.ar\/index.php?rest_route=\/wp\/v2\/types\/post"}],"author":[{"embeddable":true,"href":"https:\/\/partediario.com.ar\/index.php?rest_route=\/wp\/v2\/users\/2"}],"replies":[{"embeddable":true,"href":"https:\/\/partediario.com.ar\/index.php?rest_route=%2Fwp%2Fv2%2Fcomments&post=13808"}],"version-history":[{"count":1,"href":"https:\/\/partediario.com.ar\/index.php?rest_route=\/wp\/v2\/posts\/13808\/revisions"}],"predecessor-version":[{"id":13810,"href":"https:\/\/partediario.com.ar\/index.php?rest_route=\/wp\/v2\/posts\/13808\/revisions\/13810"}],"wp:featuredmedia":[{"embeddable":true,"href":"https:\/\/partediario.com.ar\/index.php?rest_route=\/wp\/v2\/media\/13809"}],"wp:attachment":[{"href":"https:\/\/partediario.com.ar\/index.php?rest_route=%2Fwp%2Fv2%2Fmedia&parent=13808"}],"wp:term":[{"taxonomy":"category","embeddable":true,"href":"https:\/\/partediario.com.ar\/index.php?rest_route=%2Fwp%2Fv2%2Fcategories&post=13808"},{"taxonomy":"post_tag","embeddable":true,"href":"https:\/\/partediario.com.ar\/index.php?rest_route=%2Fwp%2Fv2%2Ftags&post=13808"}],"curies":[{"name":"wp","href":"https:\/\/api.w.org\/{rel}","templated":true}]}}