{"id":13820,"date":"2025-08-02T09:51:33","date_gmt":"2025-08-02T12:51:33","guid":{"rendered":"https:\/\/partediario.com.ar\/?p=13820"},"modified":"2025-08-03T12:12:01","modified_gmt":"2025-08-03T15:12:01","slug":"cavallo-senalo-en-que-acerto-y-en-que-se-equivoco-con-el-plan-de-milei","status":"publish","type":"post","link":"https:\/\/partediario.com.ar\/?p=13820","title":{"rendered":"Cavallo: se\u00f1al\u00f3 en qu\u00e9 acert\u00f3 y en qu\u00e9 se equivoc\u00f3 con el plan de Milei"},"content":{"rendered":"\n<h2 class=\"wp-block-heading\">El ex ministro de Econom\u00eda, Domingo Cavallo, public\u00f3 un an\u00e1lisis en el que reivindic\u00f3 su predicci\u00f3n que indicaba que la salida del cepo cambiario no ser\u00eda necesariamente inflacionaria, pero reconoci\u00f3 haberse equivocado en su optimismo sobre la consolidaci\u00f3n de la estabilidad y el crecimiento econ\u00f3mico.<\/h2>\n\n\n\n<p>En una publicaci\u00f3n en su blog personal, Cavallo asegur\u00f3: \u00abAcert\u00e9 sobre que habr\u00eda un salto cambiario que no necesariamente provocar\u00eda aceleraci\u00f3n inflacionaria, es decir que no habr\u00eda traspaso a precios (pass through) significativo. Pero no acert\u00e9 respecto a que podr\u00eda significar la consolidaci\u00f3n de la estabilidad y el crecimiento, porque ello no parece estar ocurriendo\u00bb.<\/p>\n\n\n\n<p>El ex funcionario menemista se\u00f1al\u00f3 que los efectos positivos que esperaba, como una mayor reducci\u00f3n del riesgo pa\u00eds y un mejor acceso al financiamiento, a\u00fan no se han producido. La raz\u00f3n, seg\u00fan su an\u00e1lisis, es doble: por un lado, \u00aba\u00fan no se ha eliminado todo el Cepo\u00bb, ya que persisten restricciones para las empresas, y por otro, \u00abno hay suficiente [confianza] para las empresas\u00bb.<\/p>\n\n\n\n<p>Cavallo apunt\u00f3 adem\u00e1s a la falta de un marco previsible en la pol\u00edtica econ\u00f3mica. Cuestion\u00f3 la \u00abfalta de claridad sobre los instrumentos y los tiempos\u00bb, lo que se percibe como \u00abdiscreci\u00f3n en el manejo monetario\u00bb en lugar de un sistema basado en reglas claras, una idea que, seg\u00fan \u00e9l, es fundamental en el pensamiento liberal.<\/p>\n\n\n\n<p>El ex ministro advirti\u00f3 sobre el riesgo de un peso sobrevaluado y reiter\u00f3 que para consolidar la estabilizaci\u00f3n es fundamental avanzar hacia la eliminaci\u00f3n completa de todas las restricciones cambiarias y financieras, y establecer un sistema de competencia de monedas con reglas transparentes.<\/p>\n","protected":false},"excerpt":{"rendered":"<p>El ex ministro de Econom&iacute;a, Domingo Cavallo, public&oacute; un an&aacute;lisis en el que reivindic&oacute; su predicci&oacute;n que indicaba que la salida del cepo cambiario no ser&iacute;a necesariamente inflacionaria, pero reconoci&oacute; haberse equivocado en su optimismo sobre la consolidaci&oacute;n de la estabilidad y el crecimiento econ&oacute;mico. En una publicaci&oacute;n en su blog personal, Cavallo asegur&oacute;: &laquo;Acert&eacute; [&hellip;]<\/p>\n","protected":false},"author":2,"featured_media":13821,"comment_status":"open","ping_status":"open","sticky":false,"template":"","format":"standard","meta":{"footnotes":""},"categories":[5,176],"tags":[832,2962,232],"class_list":["post-13820","post","type-post","status-publish","format-standard","has-post-thumbnail","hentry","category-nacionales","category-politica","tag-cepo","tag-domingo-cavallo","tag-javier-milei"],"_links":{"self":[{"href":"https:\/\/partediario.com.ar\/index.php?rest_route=\/wp\/v2\/posts\/13820","targetHints":{"allow":["GET"]}}],"collection":[{"href":"https:\/\/partediario.com.ar\/index.php?rest_route=\/wp\/v2\/posts"}],"about":[{"href":"https:\/\/partediario.com.ar\/index.php?rest_route=\/wp\/v2\/types\/post"}],"author":[{"embeddable":true,"href":"https:\/\/partediario.com.ar\/index.php?rest_route=\/wp\/v2\/users\/2"}],"replies":[{"embeddable":true,"href":"https:\/\/partediario.com.ar\/index.php?rest_route=%2Fwp%2Fv2%2Fcomments&post=13820"}],"version-history":[{"count":1,"href":"https:\/\/partediario.com.ar\/index.php?rest_route=\/wp\/v2\/posts\/13820\/revisions"}],"predecessor-version":[{"id":13822,"href":"https:\/\/partediario.com.ar\/index.php?rest_route=\/wp\/v2\/posts\/13820\/revisions\/13822"}],"wp:featuredmedia":[{"embeddable":true,"href":"https:\/\/partediario.com.ar\/index.php?rest_route=\/wp\/v2\/media\/13821"}],"wp:attachment":[{"href":"https:\/\/partediario.com.ar\/index.php?rest_route=%2Fwp%2Fv2%2Fmedia&parent=13820"}],"wp:term":[{"taxonomy":"category","embeddable":true,"href":"https:\/\/partediario.com.ar\/index.php?rest_route=%2Fwp%2Fv2%2Fcategories&post=13820"},{"taxonomy":"post_tag","embeddable":true,"href":"https:\/\/partediario.com.ar\/index.php?rest_route=%2Fwp%2Fv2%2Ftags&post=13820"}],"curies":[{"name":"wp","href":"https:\/\/api.w.org\/{rel}","templated":true}]}}