{"id":13841,"date":"2025-08-04T11:39:57","date_gmt":"2025-08-04T14:39:57","guid":{"rendered":"https:\/\/partediario.com.ar\/?p=13841"},"modified":"2025-08-05T20:31:00","modified_gmt":"2025-08-05T23:31:00","slug":"paro-de-subtes-a-que-hora-y-que-lineas-estaran-afectadas","status":"publish","type":"post","link":"https:\/\/partediario.com.ar\/?p=13841","title":{"rendered":"Paro de Subtes: a qu\u00e9 hora y qu\u00e9 l\u00edneas estar\u00e1n afectadas"},"content":{"rendered":"\n<h2 class=\"wp-block-heading\">Los metrodelegados llevar\u00e1n adelante este lunes una medida de fuerza en las seis l\u00edneas de subte y el premetro, entre las 13:00 y las 15:00, la medida se resolvi\u00f3 en se\u00f1al de protesta \u201cpor el fallecimiento de un compa\u00f1ero a causa de un c\u00e1ncer provocado por el asbesto\u201d.<\/h2>\n\n\n\n<p>Seg\u00fan el comunicado emitido d\u00edas atr\u00e1s, los maquinistas liberar\u00e1n los accesos en las diferentes cabeceras de las l\u00edneas a partir de las 12:00.<\/p>\n\n\n\n<p>La Asociaci\u00f3n Gremial de Trabajadores del Subterr\u00e1neo y el Premetro (AGTSyP), realizara el reclamo por la muerte de Walter Berthovet, quien \u201ces el quinto trabajador fallecido producto de esta contaminaci\u00f3n con un material altamente cancer\u00edgeno y prohibido desde hace m\u00e1s de 20 a\u00f1os\u201d.<\/p>\n\n\n\n<p>Desde el sindicato destacaron que ya son m\u00e1s de 110 los empleados afectados por la sustancia cancer\u00edgena, la cual \u201csigue presente en todas las l\u00edneas de subte de la Ciudad\u201d.<\/p>\n\n\n\n<p>El sindicato expres\u00f3 su \u201cdolor y repudio por una muerte que podr\u00eda haberse evitado\u201d, y denuncia que \u201ces producto de una pol\u00edtica criminal de la empresa concesionaria Emova y los gobiernos c\u00f3mplices que pone en riesgo a millones de usuarios, vecinos y trabajadores\u201d.<\/p>\n\n\n\n<p>Por su parte, Emova lament\u00f3 el fallecimiento de Berthovet, un hombre que se desempe\u00f1aba como conductor en la l\u00ednea D: \u201cHacemos extensivo nuestro acompa\u00f1amiento a sus familiares y allegados\u201d, se\u00f1alaron.<\/p>\n\n\n\n<p>La empresa se\u00f1al\u00f3 que el trabajador \u201cse encontraba internado a ra\u00edz de un cuadro cl\u00ednico asociado a una condici\u00f3n m\u00e9dica preexistente, de evoluci\u00f3n compleja\u201d, y subray\u00f3 que hasta el momento \u201cno existen elementos cl\u00ednicos concluyentes que permitan establecer una relaci\u00f3n directa entre su situaci\u00f3n de salud y su historial laboral\u201d.<\/p>\n","protected":false},"excerpt":{"rendered":"<p>Los metrodelegados llevar&aacute;n adelante este lunes una medida de fuerza en las seis l&iacute;neas de subte y el premetro, entre las 13:00 y las 15:00, la medida se resolvi&oacute; en se&ntilde;al de protesta &ldquo;por el fallecimiento de un compa&ntilde;ero a causa de un c&aacute;ncer provocado por el asbesto&rdquo;. Seg&uacute;n el comunicado emitido d&iacute;as atr&aacute;s, los [&hellip;]<\/p>\n","protected":false},"author":2,"featured_media":13842,"comment_status":"open","ping_status":"open","sticky":false,"template":"","format":"standard","meta":{"footnotes":""},"categories":[978,5],"tags":[6442,4250,691,4279],"class_list":["post-13841","post","type-post","status-publish","format-standard","has-post-thumbnail","hentry","category-gremiales","category-nacionales","tag-emova","tag-metrodelegados","tag-paro","tag-subtes"],"_links":{"self":[{"href":"https:\/\/partediario.com.ar\/index.php?rest_route=\/wp\/v2\/posts\/13841","targetHints":{"allow":["GET"]}}],"collection":[{"href":"https:\/\/partediario.com.ar\/index.php?rest_route=\/wp\/v2\/posts"}],"about":[{"href":"https:\/\/partediario.com.ar\/index.php?rest_route=\/wp\/v2\/types\/post"}],"author":[{"embeddable":true,"href":"https:\/\/partediario.com.ar\/index.php?rest_route=\/wp\/v2\/users\/2"}],"replies":[{"embeddable":true,"href":"https:\/\/partediario.com.ar\/index.php?rest_route=%2Fwp%2Fv2%2Fcomments&post=13841"}],"version-history":[{"count":1,"href":"https:\/\/partediario.com.ar\/index.php?rest_route=\/wp\/v2\/posts\/13841\/revisions"}],"predecessor-version":[{"id":13843,"href":"https:\/\/partediario.com.ar\/index.php?rest_route=\/wp\/v2\/posts\/13841\/revisions\/13843"}],"wp:featuredmedia":[{"embeddable":true,"href":"https:\/\/partediario.com.ar\/index.php?rest_route=\/wp\/v2\/media\/13842"}],"wp:attachment":[{"href":"https:\/\/partediario.com.ar\/index.php?rest_route=%2Fwp%2Fv2%2Fmedia&parent=13841"}],"wp:term":[{"taxonomy":"category","embeddable":true,"href":"https:\/\/partediario.com.ar\/index.php?rest_route=%2Fwp%2Fv2%2Fcategories&post=13841"},{"taxonomy":"post_tag","embeddable":true,"href":"https:\/\/partediario.com.ar\/index.php?rest_route=%2Fwp%2Fv2%2Ftags&post=13841"}],"curies":[{"name":"wp","href":"https:\/\/api.w.org\/{rel}","templated":true}]}}