{"id":13844,"date":"2025-08-04T11:53:46","date_gmt":"2025-08-04T14:53:46","guid":{"rendered":"https:\/\/partediario.com.ar\/?p=13844"},"modified":"2025-08-05T20:30:56","modified_gmt":"2025-08-05T23:30:56","slug":"desde-la-oposicion-rechazaron-el-veto-presidencial-a-las-leyes-de-aumento-a-jubilados-y-emergencia-en-discapacidad","status":"publish","type":"post","link":"https:\/\/partediario.com.ar\/?p=13844","title":{"rendered":"Desde la oposici\u00f3n rechazaron el veto presidencial a las leyes de aumento a jubilados y emergencia en discapacidad"},"content":{"rendered":"\n<h2 class=\"wp-block-heading\">Luego de la publicaci\u00f3n en el Bolet\u00edn Oficial del veto total a los tres proyectos que establec\u00edan un aumento a las jubilaciones, reinstauraban la moratoria previsional y declaraban la emergencia en discapacidad, la oposici\u00f3n rechaz\u00f3 en\u00e9rgicamente la decisi\u00f3n y criticaron el accionar del presidente Milei.<\/h2>\n\n\n\n<p>Por medio de sus redes sociales, dirigentes del arco opositor expresaron sus cr\u00edticas. Uno de los primeros en expresarse fue el diputado de Uni\u00f3n por la Patria Mart\u00edn Soria, quien adelant\u00f3 que el peronismo votar\u00e1 en contra de la determinaci\u00f3n del Poder Ejecutivo.<\/p>\n\n\n\n<p><strong>\u00abMilei vet\u00f3 el aumento a jubilados y la emergencia en discapacidad con la excusa del super\u00e1vit. Lo dije desde el d\u00eda uno: el ajuste de la \u00abmotosierra\u00bb es para pagar la timba de Caputo y Sturzenegger y seguir endeud\u00e1ndonos. El peronismo votar\u00e1 para rechazar este atropello\u00bb, destac\u00f3 el exministro de Justicia.<\/strong><\/p>\n\n\n\n<p>X de Martin Soria<\/p>\n\n\n\n<p>El veto hizo ruido incluso en los propios. La legisladora de La Libertad Avanza Rocio Bonacci reconoci\u00f3 en las \u00faltimas horas que le genera \u201cincomodidad\u201d tener que respaldar la decisi\u00f3n, con especial \u00e9nfasis en la declaraci\u00f3n contra la emergencia en discapacidad, luego de se\u00f1alar que en su pasado como estudiante de kinesiolog\u00eda le gustaba \u201ctrabajar en el sector\u201d.<\/p>\n\n\n\n<p>No obstante, reafirm\u00f3 su \u201clealtad\u201d y adelant\u00f3 que acompa\u00f1ar\u00e1 la decisi\u00f3n del Gobierno Nacional. \u00abS\u00e9 lo que pasa, s\u00e9 c\u00f3mo se vive, s\u00e9 lo bueno del gobierno anterior y s\u00e9 lo malo. Es lo que m\u00e1s me toca pero las tres cosas es dif\u00edcil, pero lo vamos a acompa\u00f1ar\u00bb, sostuvo en declaraciones radiales.<\/p>\n\n\n\n<p>La diputada Victoria Tolosa Paz cuestion\u00f3 las recetas del programa econ\u00f3mico y defini\u00f3 el modelo como \u201cajuste, entrega y represi\u00f3n\u201d. <em><strong>\u201cMilei, te lo explicamos una vez m\u00e1s: la crueldad no tiene lugar en esta Patria\u201d, comenz\u00f3 la exministra.<\/strong><\/em><\/p>\n\n\n\n<p><em><strong>\u201cOtra vez el presidente ataca a los que m\u00e1s est\u00e1n sufriendo su modelo de ajuste, entrega y represi\u00f3n. El veto al aumento a las jubilaciones y a la emergencia en discapacidad es una muestra m\u00e1s de su maldad (y van\u2026)\u201d, asegur\u00f3, y acot\u00f3: \u201cEl Congreso Nacional puede y debe poner un freno a la crueldad. Es mentira que no hay plata\u201d.<\/strong><\/em><\/p>\n\n\n\n<p>En la misma l\u00ednea, complet\u00f3: <strong><em>\u201cEl presidente Javier Milei y su Ministro Luis Caputo hace 18 meses que aplican un plan econ\u00f3mico en donde unos pocos pero poderosos especuladores se llevan con el Carry Trade el esfuerzo del pueblo argentino\u201d.<\/em><\/strong><\/p>\n\n\n\n<p>X de Victoria Tolosa Paz<\/p>\n\n\n\n<p>La senadora del mismo bloque, Anabel Fern\u00e1ndez Sagasti,<strong> <em>llam\u00f3 a la ciudadan\u00eda a \u201cfrenar\u201d al mandatario \u201cen las urnas\u201d, en referencia a la elecciones legislativas del 7 de septiembre, en la provincia de Buenos Aires, y las nacionales del 26 de octubre.<\/em><\/strong><\/p>\n\n\n\n<p><em><strong>\u201cPara los ricos todo, para los que menos tienen nada. Milei acaba de negarle el aumento a los jubilados y anul\u00f3 la emergencia en discapacidad\u201d, subray\u00f3, y apunt\u00f3: \u201cC\u00ednicamente, lo hace el mismo d\u00eda que recibir\u00e1 del FMI 2 mil millones de d\u00f3lares para mantener un modelo que se cae a pedazos. Timba, fuga y ajuste. En octubre, hay que frenarlo en las urnas\u201d.<\/strong><\/em><\/p>\n\n\n\n<p>Por su parte, la intendenta de Quilmes y candidata a legisladora por la Tercera Secci\u00f3n de la provincia de Buenos Aires, Mayra Medonza, cuestion\u00f3 con dureza contra el libertario y acus\u00f3 al Ejecutivo de espiar a los dirigentes opositores.<\/p>\n\n\n\n<p><em><strong>\u201cHoy finalmente conocimos que Javier Milei vet\u00f3 las leyes de aumento a jubilados y emergencia en discapacidad que firm\u00f3 haci\u00e9ndose el gracioso en vivo durante un streaming, cachivache. Nada sorprendente en un gobierno cruel e insensible como el que nos toca vivir\u201d, sintetiz\u00f3.<\/strong><\/em><\/p>\n\n\n\n<p>Y a\u00f1adi\u00f3: <em><strong>\u00abAdem\u00e1s, lo que le faltaba a este gobierno es usar los fondos de la SIDE (que deber\u00edan d\u00e1rselo a los jubilados) para espiar a quienes nos oponemos a este gobierno de deuda y hambre. Sab\u00edamos que nos espiaban, ahora tenemos la certeza, seg\u00fan lo escribe el periodista Hugo Alconada Mon en una nota titulada &#8216;La SIDE redacta informes sobre las actividades pol\u00edticas de la oposici\u00f3n, sindicatos y grupos de jubilados&#8217;\u201d.<\/strong><\/em><\/p>\n\n\n\n<p><em><strong>\u201cLa canaleta de la \u2018inteligencia\u2019 tiene asignado 80 mil millones, mientras nuestros jubilados y millones de argentinos hacen malabares para llegar a fin de mes. Lo \u00fanico que propone el gobierno de Milei es ajuste y endeudamiento, y a futuro reformas que ya se implementaron (todo viejo): reforma laboral, impositiva y previsional, relaciones intravenosas con EEUU, proscripci\u00f3n a la principal l\u00edder opositora, espionaje a opositores y represi\u00f3n\u201d, agreg\u00f3.<\/strong><\/em><\/p>\n\n\n\n<p>Tambi\u00e9n destac\u00f3 que: <em><strong>\u201cEs importante convocar inmediatamente a la Comisi\u00f3n Bicameral de Inteligencia para esclarecer esta situaci\u00f3n. Y me imagino tambi\u00e9n que ya estar\u00e1n Fiscales Federales iniciando una investigaci\u00f3n penal. Si queremos seguir viviendo en una democracia republicana, no debemos tolerar ni naturalizar los arrebatos autoritarios de este gobierno\u201d.<\/strong><\/em><\/p>\n\n\n\n<p>X de Mayra Mendoza<\/p>\n\n\n\n<p>El diputado del Frente de Izquierda Alejandro Vilca tambi\u00e9n se expres\u00f3 contra la decisi\u00f3n al sostener que la administraci\u00f3n libertaria<em><strong> \u201cgobierna para los ricos\u201d.<\/strong><\/em><\/p>\n\n\n\n<p><em><strong>\u201cDespu\u00e9s de ir a la Sociedad Rural y anunciar una baja de impuestos de 1300 millones de d\u00f3lares a los empresarios agrarios, Milei vet\u00f3 el aumento a las jubilaciones y contra la emergencia en discapacidad diciendo que \u2018no hay plata\u2019. La casta festeja, el FMI tambi\u00e9n, el pueblo trabajador paga los platos rotos\u201d, plante\u00f3.<\/strong><\/em><\/p>\n\n\n\n<p>X de Alejandro Vilca<\/p>\n\n\n\n<p>Lo propio hizo el legislador del Partido Socialista Esteban Paul\u00f3n: <em><strong>\u201cM\u00c1S CRUEL NO SE CONSIGUE\u00bb, poste\u00f3.<\/strong><\/em><\/p>\n\n\n\n<p><strong><em>\u00abEs oficial el veto de Javier Milei al incremento a las jubilaciones y mejoras para la atenci\u00f3n a las personas con discapacidad. El gobierno nacional sigue recortando a quienes menos tienen. En Diputados tenemos que frenarlo!\u201d, afirm\u00f3.<\/em><\/strong><\/p>\n\n\n\n<p>X de Esteban Paul\u00f3n<\/p>\n\n\n\n<p><em><strong>Es oficial: Javier Milei vet\u00f3 leyes de aumento a jubilados, moratoria previsional y emergencia en discapacidad.<\/strong><\/em><\/p>\n","protected":false},"excerpt":{"rendered":"<p>Luego de la publicaci&oacute;n en el Bolet&iacute;n Oficial del veto total a los tres proyectos que establec&iacute;an un aumento a las jubilaciones, reinstauraban la moratoria previsional y declaraban la emergencia en discapacidad, la oposici&oacute;n rechaz&oacute; en&eacute;rgicamente la decisi&oacute;n y criticaron el accionar del presidente Milei. Por medio de sus redes sociales, dirigentes del arco opositor [&hellip;]<\/p>\n","protected":false},"author":2,"featured_media":13845,"comment_status":"open","ping_status":"open","sticky":false,"template":"","format":"standard","meta":{"footnotes":""},"categories":[5,176],"tags":[622,1346,1903,258,1610,232,1264,3842,3834],"class_list":["post-13844","post","type-post","status-publish","format-standard","has-post-thumbnail","hentry","category-nacionales","category-politica","tag-aumento","tag-decreto","tag-discapacidad","tag-emergencia","tag-firma","tag-javier-milei","tag-jubilados","tag-moratoria","tag-oposicion"],"_links":{"self":[{"href":"https:\/\/partediario.com.ar\/index.php?rest_route=\/wp\/v2\/posts\/13844","targetHints":{"allow":["GET"]}}],"collection":[{"href":"https:\/\/partediario.com.ar\/index.php?rest_route=\/wp\/v2\/posts"}],"about":[{"href":"https:\/\/partediario.com.ar\/index.php?rest_route=\/wp\/v2\/types\/post"}],"author":[{"embeddable":true,"href":"https:\/\/partediario.com.ar\/index.php?rest_route=\/wp\/v2\/users\/2"}],"replies":[{"embeddable":true,"href":"https:\/\/partediario.com.ar\/index.php?rest_route=%2Fwp%2Fv2%2Fcomments&post=13844"}],"version-history":[{"count":1,"href":"https:\/\/partediario.com.ar\/index.php?rest_route=\/wp\/v2\/posts\/13844\/revisions"}],"predecessor-version":[{"id":13846,"href":"https:\/\/partediario.com.ar\/index.php?rest_route=\/wp\/v2\/posts\/13844\/revisions\/13846"}],"wp:featuredmedia":[{"embeddable":true,"href":"https:\/\/partediario.com.ar\/index.php?rest_route=\/wp\/v2\/media\/13845"}],"wp:attachment":[{"href":"https:\/\/partediario.com.ar\/index.php?rest_route=%2Fwp%2Fv2%2Fmedia&parent=13844"}],"wp:term":[{"taxonomy":"category","embeddable":true,"href":"https:\/\/partediario.com.ar\/index.php?rest_route=%2Fwp%2Fv2%2Fcategories&post=13844"},{"taxonomy":"post_tag","embeddable":true,"href":"https:\/\/partediario.com.ar\/index.php?rest_route=%2Fwp%2Fv2%2Ftags&post=13844"}],"curies":[{"name":"wp","href":"https:\/\/api.w.org\/{rel}","templated":true}]}}