{"id":13865,"date":"2025-08-05T19:35:01","date_gmt":"2025-08-05T22:35:01","guid":{"rendered":"https:\/\/partediario.com.ar\/?p=13865"},"modified":"2025-08-06T18:54:39","modified_gmt":"2025-08-06T21:54:39","slug":"es-un-ataque-a-la-libertad-de-prensa-y-lamento-que-este-mal-asesorada-senalo-negre-sobre-villarruel","status":"publish","type":"post","link":"https:\/\/partediario.com.ar\/?p=13865","title":{"rendered":"\u201cEs un ataque a la libertad de prensa y lamento que est\u00e9 mal asesorada\u201d, se\u00f1al\u00f3 Negre sobre Villarruel"},"content":{"rendered":"\n<h2 class=\"wp-block-heading\">El periodista y due\u00f1o del medio digital La Derecha Diario, Javier Negre, asegur\u00f3 hoy que la denuncia que le hizo la vicepresidenta Victoria Villarruel hacia \u00e9l es \u201cun ataque a la libertad de prensa\u201d y lament\u00f3 que est\u00e9 \u201cmal asesorada\u201d.<\/h2>\n\n\n\n<p>\u201c(Villarruel) Me acusa de sugerir que estoy llamando a un golpe de Estado contra ella por ejercer mi derecho a la libertad de expresi\u00f3n\u201d, afirm\u00f3 Negre.<\/p>\n\n\n\n<p>En declaraciones radiales, el periodista espa\u00f1ol manifest\u00f3 le da \u201cpena\u201d que la Vicepresidenta use las medidas del \u201cgobierno social comunista\u201d como en Espa\u00f1a con el fin de \u201catacarlo\u201d y \u201cestigmatizarlo\u201d.<\/p>\n\n\n\n<p>\u201cLa vicepresidente usa su posici\u00f3n de poder para atacarnos\u201d, apunt\u00f3.<\/p>\n\n\n\n<p>Y agreg\u00f3 que le da \u201cmiedo\u201d que Villarruel lo \u201cexpulse del pa\u00eds\u201d: \u201cMe da miedo de que si pudiese, nos expulsar\u00eda del pa\u00eds. De acuerdo a mis abogados, su denuncia apunta a meterme en la c\u00e1rcel y expulsarme de Argentina.\u201d<\/p>\n\n\n\n<p>\u201cElla quiere situar que yo soy una especie de sat\u00e9lite de Milei que controla el aparato de comunicaci\u00f3n del Estado. Una especie de Rasput\u00edn que controla los medios privados. Compartimos sus ideas pero no controlamos nada\u201d, aclar\u00f3 Negre, que confirm\u00f3 que tomar\u00e1 acciones legales porque dentro de la denuncia se presentan \u201ccalumnias\u201d y \u201cdifamaciones\u201d.<\/p>\n\n\n\n<p>\u201cDesde la campa\u00f1a hab\u00eda deslealtades por ego\u201d, destac\u00f3 el due\u00f1o de La Derecha Diario.<\/p>\n\n\n\n<p>Y puntualiz\u00f3 que la presidenta del Senado le pidi\u00f3 una reuni\u00f3n para contarle sobre la \u201ccara oculta\u201d del Presidente y la Secretaria General de la Presidencia, su hermana Karina Milei.<\/p>\n\n\n\n<p>\u201cQuiso que me junte con ella y yo me negu\u00e9\u201d, se\u00f1al\u00f3.<\/p>\n\n\n\n<p>El periodista espa\u00f1ol precis\u00f3 que el comienzo del quiebre en la relaci\u00f3n entre la vice y el presidente Javier Milei, e indic\u00f3 que se remonta a los c\u00e1nticos racistas del jugador argentino Enzo Fern\u00e1ndez hacia la selecci\u00f3n de f\u00fatbol de Francia.<\/p>\n\n\n\n<p>\u201cCuando estalla la crisis del jugador, el Gobierno necesitaba cerrar un acuerdo comercial con Francia y me cuentan que en su equipo contrataron una empresa para seguir atacando a los franceses cuando (Javier) Milei le hab\u00eda pedido que dejara el tema\u201d.<\/p>\n\n\n\n<p>\u201cVictoria Villarruel se tiene que preguntar por qu\u00e9 ahora es m\u00e1s odiada que los kirchneristas\u201d, finaliz\u00f3.<\/p>\n","protected":false},"excerpt":{"rendered":"<p>El periodista y due&ntilde;o del medio digital La Derecha Diario, Javier Negre, asegur&oacute; hoy que la denuncia que le hizo la vicepresidenta Victoria Villarruel hacia &eacute;l es &ldquo;un ataque a la libertad de prensa&rdquo; y lament&oacute; que est&eacute; &ldquo;mal asesorada&rdquo;. &ldquo;(Villarruel) Me acusa de sugerir que estoy llamando a un golpe de Estado contra ella [&hellip;]<\/p>\n","protected":false},"author":2,"featured_media":13866,"comment_status":"open","ping_status":"open","sticky":false,"template":"","format":"standard","meta":{"footnotes":""},"categories":[5,176],"tags":[812,232,6451,233],"class_list":["post-13865","post","type-post","status-publish","format-standard","has-post-thumbnail","hentry","category-nacionales","category-politica","tag-denuncia","tag-javier-milei","tag-javier-negre","tag-victoria-villarruel"],"_links":{"self":[{"href":"https:\/\/partediario.com.ar\/index.php?rest_route=\/wp\/v2\/posts\/13865","targetHints":{"allow":["GET"]}}],"collection":[{"href":"https:\/\/partediario.com.ar\/index.php?rest_route=\/wp\/v2\/posts"}],"about":[{"href":"https:\/\/partediario.com.ar\/index.php?rest_route=\/wp\/v2\/types\/post"}],"author":[{"embeddable":true,"href":"https:\/\/partediario.com.ar\/index.php?rest_route=\/wp\/v2\/users\/2"}],"replies":[{"embeddable":true,"href":"https:\/\/partediario.com.ar\/index.php?rest_route=%2Fwp%2Fv2%2Fcomments&post=13865"}],"version-history":[{"count":1,"href":"https:\/\/partediario.com.ar\/index.php?rest_route=\/wp\/v2\/posts\/13865\/revisions"}],"predecessor-version":[{"id":13867,"href":"https:\/\/partediario.com.ar\/index.php?rest_route=\/wp\/v2\/posts\/13865\/revisions\/13867"}],"wp:featuredmedia":[{"embeddable":true,"href":"https:\/\/partediario.com.ar\/index.php?rest_route=\/wp\/v2\/media\/13866"}],"wp:attachment":[{"href":"https:\/\/partediario.com.ar\/index.php?rest_route=%2Fwp%2Fv2%2Fmedia&parent=13865"}],"wp:term":[{"taxonomy":"category","embeddable":true,"href":"https:\/\/partediario.com.ar\/index.php?rest_route=%2Fwp%2Fv2%2Fcategories&post=13865"},{"taxonomy":"post_tag","embeddable":true,"href":"https:\/\/partediario.com.ar\/index.php?rest_route=%2Fwp%2Fv2%2Ftags&post=13865"}],"curies":[{"name":"wp","href":"https:\/\/api.w.org\/{rel}","templated":true}]}}