{"id":13875,"date":"2025-08-05T20:30:28","date_gmt":"2025-08-05T23:30:28","guid":{"rendered":"https:\/\/partediario.com.ar\/?p=13875"},"modified":"2025-08-06T18:54:28","modified_gmt":"2025-08-06T21:54:28","slug":"karina-milei-y-mauricio-macri-cerraron-el-acuerdo-electoral-de-lla-y-el-pro-en-la-ciudad-de-cara-a-los-comicios-de-octubre","status":"publish","type":"post","link":"https:\/\/partediario.com.ar\/?p=13875","title":{"rendered":"Karina Milei y Mauricio Macri cerraron el acuerdo electoral de LLA y el PRO en la Ciudad de cara a los comicios de octubre"},"content":{"rendered":"\n<h2 class=\"wp-block-heading\">La Libertad Avanza (LLA) y el PRO llegaron hoy a un acuerdo electoral en la ciudad de Buenos Aires para los comicios legislativos del 26 de octubre, el partido amarillo tendr\u00e1 los lugares quinto y sexto de la lista conjunta de candidatos a diputados nacionales.<\/h2>\n\n\n\n<p>\u00abEl acuerdo fue entre Karina Milei y Mauricio Macri\u00bb, se\u00f1alaron fuentes del armado libertario.<\/p>\n\n\n\n<p>De este modo, el PRO no tendr\u00e1 representantes en los primeros cuatro lugares de la lista del distrito que gobierna hace 18 a\u00f1os, pero destacan que los dos postulantes que colaron en la n\u00f3mina est\u00e1n en puestos \u00abentrables\u00bb.<\/p>\n\n\n\n<p>Por ahora no est\u00e1n confirmados los dirigentes libertarios de los cuatro primeros puestos ni los del partido amarillo de los dos lugares siguientes en la boleta de diputados nacionales por la Ciudad.<\/p>\n\n\n\n<p>Mientras que en el que caso de la n\u00f3mina de senadores por el distrito se da casi por hecho que la liderar\u00e1 la ministra de Seguridad, Patricia Bullrich, y que estar\u00e1 secundada por un representante de LLA, es decir con el PRO fuera de los puestos con chances de llegar.<\/p>\n\n\n\n<p>En las filas del PRO hay debate sobre qu\u00e9 pasar\u00e1 con la diputada nacional por la Ciudad Sabrina Ajmechet, ya que si bien forma parte del partido amarillo, lo cierto es que responde a Bullrich y en el macrismo la ven pr\u00e1cticamente pintada de violeta. En ese marco, deben resolver si estar\u00e1 en la lista para renovar su banca y, en caso de ser as\u00ed, en qu\u00e9 puesto.<\/p>\n\n\n\n<p>El ex secretario General de la Presidencia Fernando de Andreis, la consejera de la Magistratura Jimena de la Torre y el escritor Hern\u00e1n Iglesias Illa, son otros de los nombres que se mencionan para cubrir los lugares del macrismo.<\/p>\n\n\n\n<p>El partido de Macri arriba bastante condicionado al acuerdo con los libertarios, tras el experimento fallido del adelantamiento de las elecciones legislativas porte\u00f1as del 18 de mayo pasado, en las que el vocero presidencial Manuel Adorni gan\u00f3 la contienda duplicando los votos conseguidos por el PRO, que qued\u00f3 relegado en un lejano tercer puesto.<\/p>\n\n\n\n<p>Luego de varias idas y vueltas entre los negociadores Ezequiel Sabor (PRO) y Pilar Ram\u00edrez (LLA), finalmente este martes Karina Milei y Mauricio Macri se encargaron de sellar el acuerdo que al partido amarillo al menos le permitir\u00eda renovar dos de las tres bancas que pondr\u00e1 en juego en Ciudad.<\/p>\n","protected":false},"excerpt":{"rendered":"<p>La Libertad Avanza (LLA) y el PRO llegaron hoy a un acuerdo electoral en la ciudad de Buenos Aires para los comicios legislativos del 26 de octubre, el partido amarillo tendr&aacute; los lugares quinto y sexto de la lista conjunta de candidatos a diputados nacionales. &laquo;El acuerdo fue entre Karina Milei y Mauricio Macri&raquo;, se&ntilde;alaron [&hellip;]<\/p>\n","protected":false},"author":2,"featured_media":13876,"comment_status":"open","ping_status":"open","sticky":false,"template":"","format":"standard","meta":{"footnotes":""},"categories":[5,176],"tags":[1108,388,1925,263,266,1101,510,2062],"class_list":["post-13875","post","type-post","status-publish","format-standard","has-post-thumbnail","hentry","category-nacionales","category-politica","tag-acuerdo","tag-caba","tag-electoral","tag-karina-milei","tag-libertad-avanza","tag-mauricio-macri","tag-patricia-bullrich","tag-pro"],"_links":{"self":[{"href":"https:\/\/partediario.com.ar\/index.php?rest_route=\/wp\/v2\/posts\/13875","targetHints":{"allow":["GET"]}}],"collection":[{"href":"https:\/\/partediario.com.ar\/index.php?rest_route=\/wp\/v2\/posts"}],"about":[{"href":"https:\/\/partediario.com.ar\/index.php?rest_route=\/wp\/v2\/types\/post"}],"author":[{"embeddable":true,"href":"https:\/\/partediario.com.ar\/index.php?rest_route=\/wp\/v2\/users\/2"}],"replies":[{"embeddable":true,"href":"https:\/\/partediario.com.ar\/index.php?rest_route=%2Fwp%2Fv2%2Fcomments&post=13875"}],"version-history":[{"count":1,"href":"https:\/\/partediario.com.ar\/index.php?rest_route=\/wp\/v2\/posts\/13875\/revisions"}],"predecessor-version":[{"id":13877,"href":"https:\/\/partediario.com.ar\/index.php?rest_route=\/wp\/v2\/posts\/13875\/revisions\/13877"}],"wp:featuredmedia":[{"embeddable":true,"href":"https:\/\/partediario.com.ar\/index.php?rest_route=\/wp\/v2\/media\/13876"}],"wp:attachment":[{"href":"https:\/\/partediario.com.ar\/index.php?rest_route=%2Fwp%2Fv2%2Fmedia&parent=13875"}],"wp:term":[{"taxonomy":"category","embeddable":true,"href":"https:\/\/partediario.com.ar\/index.php?rest_route=%2Fwp%2Fv2%2Fcategories&post=13875"},{"taxonomy":"post_tag","embeddable":true,"href":"https:\/\/partediario.com.ar\/index.php?rest_route=%2Fwp%2Fv2%2Ftags&post=13875"}],"curies":[{"name":"wp","href":"https:\/\/api.w.org\/{rel}","templated":true}]}}