{"id":13881,"date":"2025-08-06T18:30:03","date_gmt":"2025-08-06T21:30:03","guid":{"rendered":"https:\/\/partediario.com.ar\/?p=13881"},"modified":"2025-08-07T12:36:32","modified_gmt":"2025-08-07T15:36:32","slug":"polemica-frase-nestor-kirchner-fue-el-ultimo-hombre-presidente-senalo-mayra-mendoza","status":"publish","type":"post","link":"https:\/\/partediario.com.ar\/?p=13881","title":{"rendered":"Pol\u00e9mica frase: \u201cN\u00e9stor Kirchner fue el \u00faltimo hombre presidente\u201d, se\u00f1al\u00f3 Mayra Mendoza"},"content":{"rendered":"\n<h2 class=\"wp-block-heading\">La intendenta de Quilmes y candidata a diputada bonaerense Mayra Mendoza afirm\u00f3 este mi\u00e9rcoles que hacen falta \u201cm\u00e1s hombres\u201d en la pol\u00edtica argentina y consider\u00f3 que el \u00faltimo gran exponente de ese g\u00e9nero fue el ex presidente N\u00e9stor Kirchner.<\/h2>\n\n\n\n<p>\u201cComo hacen falta compa\u00f1eras feministas, adem\u00e1s hacen falta m\u00e1s hombres en la pol\u00edtica\u201d, apunt\u00f3 la jefa comunal quilme\u00f1a en declaraciones a Carnaval Stream.<\/p>\n\n\n\n<p><\/p>\n\n\n\n<figure class=\"wp-block-video\"><video height=\"406\" style=\"aspect-ratio: 720 \/ 406;\" width=\"720\" controls src=\"https:\/\/partediario.com.ar\/wp-content\/uploads\/Mayra-Mendoza.mp4\"><\/video><\/figure>\n\n\n\n<p><\/p>\n\n\n\n<p>Asimismo, Mendoza plante\u00f3 que actualmente son necesarios \u201ccompa\u00f1eros que asuman ese lugar que uno puede tener como idea de lo que fue el padre. Esa figura de autoridad, cuidado y protecci\u00f3n\u201d.<\/p>\n\n\n\n<p>\u201cN\u00e9stor Kirchner fue el \u00faltimo hombre presidente que tuvimos y necesitamos volver a tener\u201d, remarc\u00f3 la referente de La C\u00e1mpora, mientras transcurre la campa\u00f1a electoral para las elecciones provinciales del 7 de septiembre.<\/p>\n","protected":false},"excerpt":{"rendered":"<p>La intendenta de Quilmes y candidata a diputada bonaerense Mayra Mendoza afirm&oacute; este mi&eacute;rcoles que hacen falta &ldquo;m&aacute;s hombres&rdquo; en la pol&iacute;tica argentina y consider&oacute; que el &uacute;ltimo gran exponente de ese g&eacute;nero fue el ex presidente N&eacute;stor Kirchner. &ldquo;Como hacen falta compa&ntilde;eras feministas, adem&aacute;s hacen falta m&aacute;s hombres en la pol&iacute;tica&rdquo;, apunt&oacute; la jefa [&hellip;]<\/p>\n","protected":false},"author":2,"featured_media":13883,"comment_status":"open","ping_status":"open","sticky":false,"template":"","format":"standard","meta":{"footnotes":""},"categories":[5,176],"tags":[3877,4182],"class_list":["post-13881","post","type-post","status-publish","format-standard","has-post-thumbnail","hentry","category-nacionales","category-politica","tag-mayra-mendoza","tag-nestor-kirchner"],"_links":{"self":[{"href":"https:\/\/partediario.com.ar\/index.php?rest_route=\/wp\/v2\/posts\/13881","targetHints":{"allow":["GET"]}}],"collection":[{"href":"https:\/\/partediario.com.ar\/index.php?rest_route=\/wp\/v2\/posts"}],"about":[{"href":"https:\/\/partediario.com.ar\/index.php?rest_route=\/wp\/v2\/types\/post"}],"author":[{"embeddable":true,"href":"https:\/\/partediario.com.ar\/index.php?rest_route=\/wp\/v2\/users\/2"}],"replies":[{"embeddable":true,"href":"https:\/\/partediario.com.ar\/index.php?rest_route=%2Fwp%2Fv2%2Fcomments&post=13881"}],"version-history":[{"count":1,"href":"https:\/\/partediario.com.ar\/index.php?rest_route=\/wp\/v2\/posts\/13881\/revisions"}],"predecessor-version":[{"id":13884,"href":"https:\/\/partediario.com.ar\/index.php?rest_route=\/wp\/v2\/posts\/13881\/revisions\/13884"}],"wp:featuredmedia":[{"embeddable":true,"href":"https:\/\/partediario.com.ar\/index.php?rest_route=\/wp\/v2\/media\/13883"}],"wp:attachment":[{"href":"https:\/\/partediario.com.ar\/index.php?rest_route=%2Fwp%2Fv2%2Fmedia&parent=13881"}],"wp:term":[{"taxonomy":"category","embeddable":true,"href":"https:\/\/partediario.com.ar\/index.php?rest_route=%2Fwp%2Fv2%2Fcategories&post=13881"},{"taxonomy":"post_tag","embeddable":true,"href":"https:\/\/partediario.com.ar\/index.php?rest_route=%2Fwp%2Fv2%2Ftags&post=13881"}],"curies":[{"name":"wp","href":"https:\/\/api.w.org\/{rel}","templated":true}]}}