{"id":13907,"date":"2025-08-07T12:09:09","date_gmt":"2025-08-07T15:09:09","guid":{"rendered":"https:\/\/partediario.com.ar\/?p=13907"},"modified":"2025-08-09T09:45:35","modified_gmt":"2025-08-09T12:45:35","slug":"sobre-milei-le-falta-madurez-en-la-gestion-y-estabilidad-emocional-senalo-pablo-petrecca","status":"publish","type":"post","link":"https:\/\/partediario.com.ar\/?p=13907","title":{"rendered":"Sobre Milei: \u201cle falta madurez en la gesti\u00f3n y estabilidad emocional\u201d, se\u00f1al\u00f3 Pablo Petrecca"},"content":{"rendered":"\n<h2 class=\"wp-block-heading\">El intendente de Jun\u00edn y primer candidato a senador provincial en la 4ta. secci\u00f3n electoral por la alianza Somos Buenos Aires, Pablo Petrecca (PRO), asegur\u00f3 hoy que no se sum\u00f3 al frente electoral conformado entre su partido y La Libertad Avanza (LLA) porque al Gobierno de Javier Milei \u201cle falta madurez en la gesti\u00f3n y estabilidad emocional\u201d.<\/h2>\n\n\n\n<p>\u201cNo creo en acuerdos que son imposiciones\u201d, expres\u00f3 Petrecca al tiempo que cuestion\u00f3 al Gobierno nacional al se\u00f1alar que \u201cno est\u00e1 bueno pelearte con todo el mundo y no est\u00e1n buenos los discursos de odio cuando quer\u00e9s que al pa\u00eds vengan inversiones\u201d.<\/p>\n\n\n\n<p>En declaraciones radiales, el jefe comunal afirm\u00f3 que \u201clas inversiones no van a venir si te peleaste con todos los gobernadores, si insultas a la Vicepresidenta, si te peleas con todo el Congreso\u201d.<\/p>\n\n\n\n<p>Petrecca, que hace una semana cobr\u00f3 notoriedad p\u00fablica al levantarse e irse intempestivamente de una conferencia de prensa conjunta con el gobernador Axel Kicillof, cuando \u00e9ste \u00faltimo critic\u00f3 la gesti\u00f3n presidencial de Mauricio Macri, subray\u00f3 que sus valores \u201cson los mismos y la pertenencia al PRO es la misma\u201d.<\/p>\n\n\n\n<p>El intendente juninense se\u00f1al\u00f3 de esa forma la posicion de Somos Buenos Aires, una alianza electoral que se presenta como una tercera v\u00eda moderada, alejada tanto del kirchnerismo como de la alianza \u00abLa Libertad Avanza-PRO\u00bb, integrada adem\u00e1s por sectores de la UCR, el peronismo no kirchnerista, la Coalici\u00f3n C\u00edvica, el GEN, el socialismo y fuerzas vecinales.<\/p>\n\n\n\n<p>Remarc\u00f3 que Somos lleva en la 4ta. Secci\u00f3n Electoral una lista de candidatos en la que est\u00e1n \u201cnueve intendentes que venimos trabajando desde el a\u00f1o 2015, y que somos del PRO, del radicalismo y de Vecinalismo\u201d.<\/p>\n\n\n\n<p>Rechaz\u00f3 adem\u00e1s que la conformaci\u00f3n de Somos Buenos Aires sea funcional al kirchnerismo en las elecciones del 7 de septiembre, y asever\u00f3 que \u201cla realidad marca que en el a\u00f1o 2023, los cuatro diputados de la 4.\u00aa secci\u00f3n electoral que ingresaron por Milei hoy est\u00e1n votando (en la legislatura) a favor de Kicillof\u201d.<\/p>\n\n\n\n<p>\u201cNosotros desde el 2015 estamos en la misma vereda, enfrente del populismo, del kirchnerismo, de La C\u00e1mpora. En la 4ta. secci\u00f3n electoral estos nueve intendentes representamos m\u00e1s del 60% del padr\u00f3n electoral. Somos los \u00fanicos que podemos ganarle al kirchnerismo, si alguien es funcional al kirchnerismo en la 4ta. secci\u00f3n, concretamente es La Libertad avanza\u201d, apunt\u00f3.<\/p>\n\n\n\n<p>Y agreg\u00f3, que en Jun\u00edn \u201ctenemos hace un a\u00f1o y medio la ciudad cortada a la mitad porque hay una obra que est\u00e1 paralizada. Un paso a nivel que nos corta la ciudad. Y la Naci\u00f3n no quiere hacerlo porque tiene una decisi\u00f3n pol\u00edtica puntual de no hacer obra p\u00fablica, la cual no comparto\u201d, destac\u00f3.<\/p>\n\n\n\n<p>\u201cYo creo en la obra p\u00fablica, porque transforma la realidad de los vecinos y creo que, si no est\u00e1 el Estado municipal, en este caso no habr\u00eda resoluci\u00f3n de muchos temas. Si el Gobierno (nacional) no lo quiere hacer, que nos traspase la obra a nosotros. Y ni siquiera pudimos lograr eso en un a\u00f1o y medio\u201d, finaliz\u00f3.<\/p>\n","protected":false},"excerpt":{"rendered":"<p>El intendente de Jun&iacute;n y primer candidato a senador provincial en la 4ta. secci&oacute;n electoral por la alianza Somos Buenos Aires, Pablo Petrecca (PRO), asegur&oacute; hoy que no se sum&oacute; al frente electoral conformado entre su partido y La Libertad Avanza (LLA) porque al Gobierno de Javier Milei &ldquo;le falta madurez en la gesti&oacute;n y [&hellip;]<\/p>\n","protected":false},"author":2,"featured_media":13908,"comment_status":"open","ping_status":"open","sticky":false,"template":"","format":"standard","meta":{"footnotes":""},"categories":[5,176],"tags":[1112,232,6466,266,6465,2062],"class_list":["post-13907","post","type-post","status-publish","format-standard","has-post-thumbnail","hentry","category-nacionales","category-politica","tag-axel-kicillof","tag-javier-milei","tag-junin","tag-libertad-avanza","tag-pablo-petrecca","tag-pro"],"_links":{"self":[{"href":"https:\/\/partediario.com.ar\/index.php?rest_route=\/wp\/v2\/posts\/13907","targetHints":{"allow":["GET"]}}],"collection":[{"href":"https:\/\/partediario.com.ar\/index.php?rest_route=\/wp\/v2\/posts"}],"about":[{"href":"https:\/\/partediario.com.ar\/index.php?rest_route=\/wp\/v2\/types\/post"}],"author":[{"embeddable":true,"href":"https:\/\/partediario.com.ar\/index.php?rest_route=\/wp\/v2\/users\/2"}],"replies":[{"embeddable":true,"href":"https:\/\/partediario.com.ar\/index.php?rest_route=%2Fwp%2Fv2%2Fcomments&post=13907"}],"version-history":[{"count":1,"href":"https:\/\/partediario.com.ar\/index.php?rest_route=\/wp\/v2\/posts\/13907\/revisions"}],"predecessor-version":[{"id":13909,"href":"https:\/\/partediario.com.ar\/index.php?rest_route=\/wp\/v2\/posts\/13907\/revisions\/13909"}],"wp:featuredmedia":[{"embeddable":true,"href":"https:\/\/partediario.com.ar\/index.php?rest_route=\/wp\/v2\/media\/13908"}],"wp:attachment":[{"href":"https:\/\/partediario.com.ar\/index.php?rest_route=%2Fwp%2Fv2%2Fmedia&parent=13907"}],"wp:term":[{"taxonomy":"category","embeddable":true,"href":"https:\/\/partediario.com.ar\/index.php?rest_route=%2Fwp%2Fv2%2Fcategories&post=13907"},{"taxonomy":"post_tag","embeddable":true,"href":"https:\/\/partediario.com.ar\/index.php?rest_route=%2Fwp%2Fv2%2Ftags&post=13907"}],"curies":[{"name":"wp","href":"https:\/\/api.w.org\/{rel}","templated":true}]}}