{"id":13913,"date":"2025-08-07T12:29:50","date_gmt":"2025-08-07T15:29:50","guid":{"rendered":"https:\/\/partediario.com.ar\/?p=13913"},"modified":"2025-08-09T09:45:39","modified_gmt":"2025-08-09T12:45:39","slug":"el-gobierno-oficializo-el-dia-del-nino-luego-de-un-pedido-de-la-industria-del-juguete","status":"publish","type":"post","link":"https:\/\/partediario.com.ar\/?p=13913","title":{"rendered":"El Gobierno oficializ\u00f3 el \u00abD\u00eda del Ni\u00f1o\u00bb luego de un pedido de la industria del juguete"},"content":{"rendered":"\n<h2 class=\"wp-block-heading\">El Gobierno nacional oficializ\u00f3 este mi\u00e9rcoles la denominaci\u00f3n \u201cD\u00eda del Ni\u00f1o\u201d, para el tercer domingo de agosto de cada a\u00f1o, a pedido de un pedido impulsado por la C\u00e1mara Argentina de la Industria del Juguete (CAIJ), que celebr\u00f3 la medida publicada en el Bolet\u00edn Oficial por medio del Decreto N.\u00ba 562\/2025.<\/h2>\n\n\n\n<p>El presidente de la entidad, Mat\u00edas Furi\u00f3, se\u00f1al\u00f3 que la iniciativa tuvo como objetivo unificar la denominaci\u00f3n de una fecha \u201ccon fuerte arraigo cultural\u201d y con un \u201cprofundo v\u00ednculo con el derecho al juego, consagrado en la Convenci\u00f3n sobre los Derechos del Ni\u00f1o\u201d.<\/p>\n\n\n\n<p>La decisi\u00f3n del Estado nacional trata de evitar las confusiones generadas por las distintas denominaciones que se ven\u00edan utilizando en provincias y municipios, y brindar \u201ccoherencia institucional\u201d a una jornada tradicionalmente celebrada por familias, comercios y organizaciones sociales.<\/p>\n\n\n\n<p>En el marco de la conmemoraci\u00f3n, la CAIJ lanz\u00f3 adem\u00e1s una campa\u00f1a solidaria de donaci\u00f3n de juguetes, que comenz\u00f3 con la entrega de 300 unidades en el Hospital de Ni\u00f1os Ricardo Guti\u00e9rrez, destinadas a ni\u00f1as y ni\u00f1os internados que atraviesan distintos tratamientos.<\/p>\n\n\n\n<p>Seg\u00fan informaron desde la c\u00e1mara empresaria, esta acci\u00f3n solidaria se mantendr\u00e1 en hospitales pedi\u00e1tricos de todo el pa\u00eds y en comunidades del interior como parte del compromiso del sector con el bienestar infantil y el esp\u00edritu solidario que dio origen al D\u00eda del Ni\u00f1o en la d\u00e9cada de 1940.<\/p>\n","protected":false},"excerpt":{"rendered":"<p>El Gobierno nacional oficializ&oacute; este mi&eacute;rcoles la denominaci&oacute;n &ldquo;D&iacute;a del Ni&ntilde;o&rdquo;, para el tercer domingo de agosto de cada a&ntilde;o, a pedido de un pedido impulsado por la C&aacute;mara Argentina de la Industria del Juguete (CAIJ), que celebr&oacute; la medida publicada en el Bolet&iacute;n Oficial por medio del Decreto N.&ordm; 562\/2025. El presidente de la [&hellip;]<\/p>\n","protected":false},"author":2,"featured_media":13914,"comment_status":"open","ping_status":"open","sticky":false,"template":"","format":"standard","meta":{"footnotes":""},"categories":[5,176,726],"tags":[6469,6468,232],"class_list":["post-13913","post","type-post","status-publish","format-standard","has-post-thumbnail","hentry","category-nacionales","category-politica","category-sociedad","tag-caij","tag-dia-del-nino","tag-javier-milei"],"_links":{"self":[{"href":"https:\/\/partediario.com.ar\/index.php?rest_route=\/wp\/v2\/posts\/13913","targetHints":{"allow":["GET"]}}],"collection":[{"href":"https:\/\/partediario.com.ar\/index.php?rest_route=\/wp\/v2\/posts"}],"about":[{"href":"https:\/\/partediario.com.ar\/index.php?rest_route=\/wp\/v2\/types\/post"}],"author":[{"embeddable":true,"href":"https:\/\/partediario.com.ar\/index.php?rest_route=\/wp\/v2\/users\/2"}],"replies":[{"embeddable":true,"href":"https:\/\/partediario.com.ar\/index.php?rest_route=%2Fwp%2Fv2%2Fcomments&post=13913"}],"version-history":[{"count":1,"href":"https:\/\/partediario.com.ar\/index.php?rest_route=\/wp\/v2\/posts\/13913\/revisions"}],"predecessor-version":[{"id":13915,"href":"https:\/\/partediario.com.ar\/index.php?rest_route=\/wp\/v2\/posts\/13913\/revisions\/13915"}],"wp:featuredmedia":[{"embeddable":true,"href":"https:\/\/partediario.com.ar\/index.php?rest_route=\/wp\/v2\/media\/13914"}],"wp:attachment":[{"href":"https:\/\/partediario.com.ar\/index.php?rest_route=%2Fwp%2Fv2%2Fmedia&parent=13913"}],"wp:term":[{"taxonomy":"category","embeddable":true,"href":"https:\/\/partediario.com.ar\/index.php?rest_route=%2Fwp%2Fv2%2Fcategories&post=13913"},{"taxonomy":"post_tag","embeddable":true,"href":"https:\/\/partediario.com.ar\/index.php?rest_route=%2Fwp%2Fv2%2Ftags&post=13913"}],"curies":[{"name":"wp","href":"https:\/\/api.w.org\/{rel}","templated":true}]}}