{"id":13916,"date":"2025-08-07T12:35:54","date_gmt":"2025-08-07T15:35:54","guid":{"rendered":"https:\/\/partediario.com.ar\/?p=13916"},"modified":"2025-08-09T09:45:30","modified_gmt":"2025-08-09T12:45:30","slug":"hoy-se-celebra-el-dia-de-san-cayetano-patrono-del-pan-y-del-trabajo","status":"publish","type":"post","link":"https:\/\/partediario.com.ar\/?p=13916","title":{"rendered":"Hoy se celebra el D\u00eda de San Cayetano, patrono del pan y del trabajo"},"content":{"rendered":"\n<h2 class=\"wp-block-heading\">El D\u00eda de San Cayetano se festeja este jueves en todo el territorio nacional y se trata de uno de los santos m\u00e1s venerados de la tradici\u00f3n cat\u00f3lica argentina al ser considerado el patrono del pan y del trabajo al que los fieles visitan cada a\u00f1o para pedir, pero adem\u00e1s para agradecer.<\/h2>\n\n\n\n<p>En este d\u00eda miles de personas se hacen presente al santuario ubicado la calle Cuzco 150 en el barrio porte\u00f1o de Liniers donde se resalizar\u00e1n misas en diferentes horarios durante toda la jornada y algunas de ellas van para agradecer, mientras que otras asisten para pedir por trabajo, comida o estabilidad econ\u00f3mica.<\/p>\n\n\n\n<p>Cayetano de Thiene naci\u00f3 en Vicenza, Italia, el 1\u00b0 de octubre de 1480 y muri\u00f3 en N\u00e1poles el 7 de agosto de 1547. Estudi\u00f3 en la Universidad de Padua donde en 1504 obtuvo el doble doctorado, en derecho civil y can\u00f3nico y, una vez que termin\u00f3 sus estudios, se mud\u00f3 a Roma, donde lo nombraron protonotario apost\u00f3lico del Papa Julio II. Estando al servicio del Papa, lleg\u00f3 a participar del V Concilio de Letr\u00e1n y, cuando el Pont\u00edfice muri\u00f3 en 1513, Cayetano dej\u00f3 la vida cortesana, empez\u00f3 a prepararse para el sacerdocio y fue ordenado cuando ten\u00eda 35 a\u00f1os.<\/p>\n\n\n\n<p>En Roma integr\u00f3 una asociaci\u00f3n llamada Del Amor Divino, orientada a ayudar a los pobres y a vivir una fe m\u00e1s profunda. Preocupado por el deterioro espiritual de su tiempo, fund\u00f3 junto a otros religiosos la Orden de los Teatinos, con el objetivo de fomentar una vida sacerdotal austera, comprometida y solidaria.<\/p>\n\n\n\n<p>San Cayetano renunci\u00f3 a todos sus bienes y reparti\u00f3 su herencia entre los m\u00e1s necesitados, fund\u00f3 los llamados Montes de Piedad, instituciones que prestaban dinero a personas pobres con intereses m\u00ednimos y tambi\u00e9n dedicaba largas horas al cuidado de enfermos, especialmente aquellos abandonados en hospitales.<\/p>\n\n\n\n<p>Muri\u00f3 el 7 de agosto de 1547 en N\u00e1poles, fue canonizado en 1671 y en Argentina, su figura se arraig\u00f3 especialmente en contextos de crisis. El templo de San Cayetano, ubicado en el barrio porte\u00f1o de Liniers, fue construido en el a\u00f1o 1900, aunque reci\u00e9n el 18 de enero de 1913 fue elevado a parroquia y con el correr de los a\u00f1os se convirti\u00f3 en uno de los centros de fe m\u00e1s convocantes del pa\u00eds.<\/p>\n","protected":false},"excerpt":{"rendered":"<p>El D&iacute;a de San Cayetano se festeja este jueves en todo el territorio nacional y se trata de uno de los santos m&aacute;s venerados de la tradici&oacute;n cat&oacute;lica argentina al ser considerado el patrono del pan y del trabajo al que los fieles visitan cada a&ntilde;o para pedir, pero adem&aacute;s para agradecer. En este d&iacute;a [&hellip;]<\/p>\n","protected":false},"author":2,"featured_media":13917,"comment_status":"open","ping_status":"open","sticky":false,"template":"","format":"standard","meta":{"footnotes":""},"categories":[5,726],"tags":[411,2676,6470],"class_list":["post-13916","post","type-post","status-publish","format-standard","has-post-thumbnail","hentry","category-nacionales","category-sociedad","tag-argentina","tag-celebracion","tag-dia-de-san-cayetano"],"_links":{"self":[{"href":"https:\/\/partediario.com.ar\/index.php?rest_route=\/wp\/v2\/posts\/13916","targetHints":{"allow":["GET"]}}],"collection":[{"href":"https:\/\/partediario.com.ar\/index.php?rest_route=\/wp\/v2\/posts"}],"about":[{"href":"https:\/\/partediario.com.ar\/index.php?rest_route=\/wp\/v2\/types\/post"}],"author":[{"embeddable":true,"href":"https:\/\/partediario.com.ar\/index.php?rest_route=\/wp\/v2\/users\/2"}],"replies":[{"embeddable":true,"href":"https:\/\/partediario.com.ar\/index.php?rest_route=%2Fwp%2Fv2%2Fcomments&post=13916"}],"version-history":[{"count":1,"href":"https:\/\/partediario.com.ar\/index.php?rest_route=\/wp\/v2\/posts\/13916\/revisions"}],"predecessor-version":[{"id":13918,"href":"https:\/\/partediario.com.ar\/index.php?rest_route=\/wp\/v2\/posts\/13916\/revisions\/13918"}],"wp:featuredmedia":[{"embeddable":true,"href":"https:\/\/partediario.com.ar\/index.php?rest_route=\/wp\/v2\/media\/13917"}],"wp:attachment":[{"href":"https:\/\/partediario.com.ar\/index.php?rest_route=%2Fwp%2Fv2%2Fmedia&parent=13916"}],"wp:term":[{"taxonomy":"category","embeddable":true,"href":"https:\/\/partediario.com.ar\/index.php?rest_route=%2Fwp%2Fv2%2Fcategories&post=13916"},{"taxonomy":"post_tag","embeddable":true,"href":"https:\/\/partediario.com.ar\/index.php?rest_route=%2Fwp%2Fv2%2Ftags&post=13916"}],"curies":[{"name":"wp","href":"https:\/\/api.w.org\/{rel}","templated":true}]}}