{"id":13919,"date":"2025-08-09T09:21:22","date_gmt":"2025-08-09T12:21:22","guid":{"rendered":"https:\/\/partediario.com.ar\/?p=13919"},"modified":"2025-08-10T18:20:21","modified_gmt":"2025-08-10T21:20:21","slug":"argentina-encabeza-crecimiento-de-trafico-aereo-en-latinoamerica-y-caribe","status":"publish","type":"post","link":"https:\/\/partediario.com.ar\/?p=13919","title":{"rendered":"Argentina encabeza crecimiento de tr\u00e1fico a\u00e9reo en Latinoam\u00e9rica y Caribe"},"content":{"rendered":"\n<h2 class=\"wp-block-heading\">La Argentina fue el mercado aerocomercial de mayor crecimiento porcentual en junio entre los pa\u00edses de Am\u00e9rica Latina y el Caribe (LAC), registrando aumentos interanuales del 12% en el segmento dom\u00e9stico y 14% en el internacional, de acuerdo a los valores difundidos por la Asociaci\u00f3n de L\u00edneas A\u00e9reas de Latinoam\u00e9rica y el Caribe (ALTA).<\/h2>\n\n\n\n<p>Los registros dieron cuenta de un nuevo m\u00e1ximo hist\u00f3rico, superando en 3% el r\u00e9cord previo de junio de 2019. Impulsaron el crecimiento mercados internacionales como Argentina\u2013Brasil (+28%) y Argentina\u2013Colombia (+36%), y rutas dom\u00e9sticas como Buenos Aires\u2013Iguaz\u00fa (+40%) y Buenos Aires\u2013Neuqu\u00e9n (+37%).<\/p>\n\n\n\n<p>En lo que hace a la regi\u00f3n, el tr\u00e1fico a\u00e9reo trep\u00f3 a los 38.3 millones de pasajeros, un crecimiento interanual del 3.4% equivalente a 1.3 millones de pasajeros adicionales, acelerando el ritmo de crecimiento en 0.8 puntos porcentuales respecto al mes de mayo.<\/p>\n\n\n\n<p>El incremento total en el tr\u00e1fico de la regi\u00f3n fue impulsado principalmente por el desempe\u00f1o de las aerol\u00edneas con base en LAC, que, seg\u00fan el \u00faltimo reporte de IATA, registraron el mayor crecimiento de tr\u00e1fico a nivel global en el mes de junio.<\/p>\n\n\n\n<p>Adem\u00e1s de Argentina, Brasil registr\u00f3 su cuarto mes consecutivo de r\u00e9cord hist\u00f3rico en tr\u00e1fico dom\u00e9stico. En junio, 8.22 millones de pasajeros volaron dentro del pa\u00eds, 11.2% m\u00e1s que en junio de 2024.<\/p>\n\n\n\n<p>El transporte a\u00e9reo sigue siendo la categor\u00eda de servicios con mayor deflaci\u00f3n en el acumulado del a\u00f1o (\u201328% frente a 2024). La conectividad interna en Brasil contin\u00faa mejorando, en junio de 2025 se operaron dentro de Brasil 43 rutas que no se operaban en junio de 2024, dentro de las cuales se destacan: Viracopos &#8211; Porto Alegre, Belo Horizonte &#8211; Rio de Janeiro (RRJ) y Aracaju &#8211; Salvador. En el segmento internacional, Brasil creci\u00f3 12.8% interanual, impulsado por un aumento del 35% en las llegadas de turistas internacionales por v\u00eda a\u00e9rea.<\/p>\n\n\n\n<p>Per\u00fa fue uno de los desempe\u00f1os m\u00e1s s\u00f3lidos de la regi\u00f3n. En junio alcanz\u00f3 un r\u00e9cord hist\u00f3rico en tr\u00e1fico dom\u00e9stico para ese mes, con 1.3 millones de pasajeros (+5.2%), mientras que el internacional creci\u00f3 8.3%, con buenos resultados en mercados como Colombia (+22%), Brasil (+13%) y M\u00e9xico (+7.6%).<\/p>\n\n\n\n<p>Este crecimiento se vio acompa\u00f1ado por una reducci\u00f3n interanual de precios en los servicios de transporte a\u00e9reo, tanto nacional (\u20131.2%) como internacional (\u20132.1%).<\/p>\n\n\n\n<p>En M\u00e9xico volaron 9.8 millones de pasajeros, 0.4% menos que junio 2024 en un contexto de menor confianza del consumidor, cuyo registro retrocedi\u00f3 1.1 puntos respecto a mayo. El tr\u00e1fico dom\u00e9stico creci\u00f3 levemente (+0.2%), mientras que el internacional, que representa el 47% del total, cay\u00f3 1%.<\/p>\n\n\n\n<p>Estados Unidos represent\u00f3 el 73% del tr\u00e1fico internacional de M\u00e9xico y registr\u00f3 una baja del 2.1%, impulsada principalmente por una ca\u00edda del 3.6% en los pasajeros transportados por aerol\u00edneas estadounidenses. El crecimiento del tr\u00e1fico con Canad\u00e1 (+12.4%) moder\u00f3 parcialmente esta contracci\u00f3n.<\/p>\n\n\n\n<p>La capacidad total ofrecida por aerol\u00edneas mexicanas, medida en ASK, se mantuvo relativamente estable (+1.5%). No obstante, en junio de 2025 asignaron una mayor proporci\u00f3n al segmento internacional (45% frente a 43% en junio de 2024).<\/p>\n\n\n\n<p>En Colombia, el tr\u00e1fico dom\u00e9stico cay\u00f3 4.7% en junio, acumulando cinco meses consecutivos a la baja y un descenso acumulado del 2.1% en el 1er semestre. Del top 10 de rutas dom\u00e9sticas, todas (a excepci\u00f3n de Medell\u00edn-Cartagena y Medell\u00edn-Santa Marta) mostraron contracciones. En contraste, el tr\u00e1fico internacional creci\u00f3 9.2%, impulsado principalmente por el tr\u00e1fico con pa\u00edses vecinos, Ecuador (+30%), Brasil (+27%) y Per\u00fa (+22%).<\/p>\n\n\n\n<p>En Chile, el tr\u00e1fico dom\u00e9stico creci\u00f3 en 4.2% en junio, despu\u00e9s de 2 meses consecutivos de ca\u00eddas, mientras que el internacional creci\u00f3 2.5.<\/p>\n\n\n\n<p>\u201cEl crecimiento del tr\u00e1fico a\u00e9reo en Am\u00e9rica Latina y el Caribe durante el primer semestre de 2025 muestra un dinamismo sostenido, con 237 millones de pasajeros y un alza del 3.6%. M\u00e1s del 90% de ese crecimiento neto de pasajeros provino de mercados dentro de la propia regi\u00f3n, lo que confirma el papel cada vez m\u00e1s activo de la aviaci\u00f3n en la integraci\u00f3n regional. En ese mismo per\u00edodo, las aerol\u00edneas de LAC operaron un 11.2% m\u00e1s de vuelos internacionales entre pa\u00edses de la regi\u00f3n que en el primer semestre de 2024\u201d, indic\u00f3 Peter Cerd\u00e1, CEO de ALTA.<\/p>\n\n\n\n<p>El tr\u00e1fico desde y hacia el Caribe creci\u00f3 0.9% interanual en junio, reflejando se\u00f1ales mixtas entre los principales mercados.<\/p>\n\n\n\n<p>En Rep\u00fablica Dominicana, el mayor mercado de la subregi\u00f3n y el octavo m\u00e1s grande de LAC, el tr\u00e1fico de pasajeros se increment\u00f3 un 1.2%, a pesar de ca\u00eddas en sus dos mercados m\u00e1s importantes: EE.UU. (\u20131.1%) y Canad\u00e1 (\u20139%), que acumulan seis meses consecutivos de descenso. El crecimiento con Colombia (10%), Panam\u00e1 (9%) y Per\u00fa (+31%) compens\u00f3 parcialmente esta tendencia, permitiendo un crecimiento neto frente a junio de 2024.<\/p>\n\n\n\n<p>El tr\u00e1fico a\u00e9reo en Centroam\u00e9rica creci\u00f3 4.2% interanual en junio, impulsado principalmente por Panam\u00e1, que registr\u00f3 un aumento del 6%, con destacadas alzas en las conexiones con Argentina (+38%), Colombia (+14%) y Brasil (+12%).<\/p>\n\n\n\n<p>En contraste, Costa Rica tuvo un crecimiento marginal del 0.9%, en un contexto de menor dinamismo tur\u00edstico. Las llegadas de turistas internacionales por v\u00eda a\u00e9rea cayeron 4.5% en junio, subray\u00e1ndose una disminuci\u00f3n del 4.9% en los visitantes provenientes de Estados Unidos, que representan cerca del 75% del total.<\/p>\n","protected":false},"excerpt":{"rendered":"<p>La Argentina fue el mercado aerocomercial de mayor crecimiento porcentual en junio entre los pa&iacute;ses de Am&eacute;rica Latina y el Caribe (LAC), registrando aumentos interanuales del 12% en el segmento dom&eacute;stico y 14% en el internacional, de acuerdo a los valores difundidos por la Asociaci&oacute;n de L&iacute;neas A&eacute;reas de Latinoam&eacute;rica y el Caribe (ALTA). Los [&hellip;]<\/p>\n","protected":false},"author":2,"featured_media":13920,"comment_status":"open","ping_status":"open","sticky":false,"template":"","format":"standard","meta":{"footnotes":""},"categories":[5,726],"tags":[1639,4583,411,5697,1009],"class_list":["post-13919","post","type-post","status-publish","format-standard","has-post-thumbnail","hentry","category-nacionales","category-sociedad","tag-aereo","tag-alta","tag-argentina","tag-crecimiento","tag-trafico"],"_links":{"self":[{"href":"https:\/\/partediario.com.ar\/index.php?rest_route=\/wp\/v2\/posts\/13919","targetHints":{"allow":["GET"]}}],"collection":[{"href":"https:\/\/partediario.com.ar\/index.php?rest_route=\/wp\/v2\/posts"}],"about":[{"href":"https:\/\/partediario.com.ar\/index.php?rest_route=\/wp\/v2\/types\/post"}],"author":[{"embeddable":true,"href":"https:\/\/partediario.com.ar\/index.php?rest_route=\/wp\/v2\/users\/2"}],"replies":[{"embeddable":true,"href":"https:\/\/partediario.com.ar\/index.php?rest_route=%2Fwp%2Fv2%2Fcomments&post=13919"}],"version-history":[{"count":1,"href":"https:\/\/partediario.com.ar\/index.php?rest_route=\/wp\/v2\/posts\/13919\/revisions"}],"predecessor-version":[{"id":13921,"href":"https:\/\/partediario.com.ar\/index.php?rest_route=\/wp\/v2\/posts\/13919\/revisions\/13921"}],"wp:featuredmedia":[{"embeddable":true,"href":"https:\/\/partediario.com.ar\/index.php?rest_route=\/wp\/v2\/media\/13920"}],"wp:attachment":[{"href":"https:\/\/partediario.com.ar\/index.php?rest_route=%2Fwp%2Fv2%2Fmedia&parent=13919"}],"wp:term":[{"taxonomy":"category","embeddable":true,"href":"https:\/\/partediario.com.ar\/index.php?rest_route=%2Fwp%2Fv2%2Fcategories&post=13919"},{"taxonomy":"post_tag","embeddable":true,"href":"https:\/\/partediario.com.ar\/index.php?rest_route=%2Fwp%2Fv2%2Ftags&post=13919"}],"curies":[{"name":"wp","href":"https:\/\/api.w.org\/{rel}","templated":true}]}}