{"id":13945,"date":"2025-08-11T10:11:17","date_gmt":"2025-08-11T13:11:17","guid":{"rendered":"https:\/\/partediario.com.ar\/?p=13945"},"modified":"2025-08-12T11:12:18","modified_gmt":"2025-08-12T14:12:18","slug":"encabeza-la-lla-y-schiaretti-y-de-la-sota-cabeza-a-cabeza","status":"publish","type":"post","link":"https:\/\/partediario.com.ar\/?p=13945","title":{"rendered":"Encabeza la LLA y Schiaretti y De la Sota cabeza a cabeza"},"content":{"rendered":"\n<h2 class=\"wp-block-heading\">Un sondeo de opini\u00f3n llevado adelante por la consultora Circuitos en la provincia de C\u00f3rdoba, entre el 5 y el 8 de agosto, muestra que La Libertad Avanza (LLA) encabeza la intenci\u00f3n de voto legislativa con el 34,3% para la f\u00f3rmula Agust\u00edn Laje\u2013Rodrigo De Loredo, consolidando su hegemon\u00eda en un distrito hist\u00f3ricamente adverso al kirchnerismo.<\/h2>\n\n\n\n<p>En segundo lugar se ubica Hacemos C\u00f3rdoba, que responde a Juan Schiaretti, con el 20,4%, seguido por Defendemos C\u00f3rdoba, de Natalia De la Sota, con el 17,6%. La fragmentaci\u00f3n del peronismo provincial apunta contra su competitividad, ya que incorporadas sus expresiones podr\u00edan acercarse a la fuerza libertaria. Otro reflejo de esta dispersi\u00f3n es el 4,8% que obtiene Pablo Carro con Fuerza Patria.<\/p>\n\n\n\n<p>El Frente de Izquierda registra el 5,2%, mientras que un 8,3% de los consultados se declara indeciso y un 4,4% rechaza todas las opciones. Estos segmentos podr\u00edan modificar el escenario en la recta final de la campa\u00f1a.<\/p>\n\n\n\n<p>Sobre la participaci\u00f3n electoral, el 45,3% asegura que votar\u00e1 y el 30,2% dice que es muy probable que lo haga, mientras que un 24,5% admite que es poco probable o que no concurrir\u00e1 a las urnas, una situaci\u00f3n que podr\u00eda favorecer a las fuerzas con electorados m\u00e1s movilizados.<\/p>\n\n\n\n<p>El an\u00e1lisis da cuenta de un realineamiento del voto opositor en C\u00f3rdoba hacia La Libertad Avanza, un peronismo dividido que reduce sus chances y un electorado indeciso y abstencionista que podr\u00eda definir la elecci\u00f3n de octubre.<\/p>\n","protected":false},"excerpt":{"rendered":"<p>Un sondeo de opini&oacute;n llevado adelante por la consultora Circuitos en la provincia de C&oacute;rdoba, entre el 5 y el 8 de agosto, muestra que La Libertad Avanza (LLA) encabeza la intenci&oacute;n de voto legislativa con el 34,3% para la f&oacute;rmula Agust&iacute;n Laje&ndash;Rodrigo De Loredo, consolidando su hegemon&iacute;a en un distrito hist&oacute;ricamente adverso al kirchnerismo. [&hellip;]<\/p>\n","protected":false},"author":2,"featured_media":13946,"comment_status":"open","ping_status":"open","sticky":false,"template":"","format":"standard","meta":{"footnotes":""},"categories":[176,8],"tags":[303,6488,266,6489,1778,1724],"class_list":["post-13945","post","type-post","status-publish","format-standard","has-post-thumbnail","hentry","category-politica","category-provinciales","tag-cordoba","tag-juan-schiaretti","tag-libertad-avanza","tag-natalia-de-la-sota","tag-politica","tag-sondeo"],"_links":{"self":[{"href":"https:\/\/partediario.com.ar\/index.php?rest_route=\/wp\/v2\/posts\/13945","targetHints":{"allow":["GET"]}}],"collection":[{"href":"https:\/\/partediario.com.ar\/index.php?rest_route=\/wp\/v2\/posts"}],"about":[{"href":"https:\/\/partediario.com.ar\/index.php?rest_route=\/wp\/v2\/types\/post"}],"author":[{"embeddable":true,"href":"https:\/\/partediario.com.ar\/index.php?rest_route=\/wp\/v2\/users\/2"}],"replies":[{"embeddable":true,"href":"https:\/\/partediario.com.ar\/index.php?rest_route=%2Fwp%2Fv2%2Fcomments&post=13945"}],"version-history":[{"count":1,"href":"https:\/\/partediario.com.ar\/index.php?rest_route=\/wp\/v2\/posts\/13945\/revisions"}],"predecessor-version":[{"id":13947,"href":"https:\/\/partediario.com.ar\/index.php?rest_route=\/wp\/v2\/posts\/13945\/revisions\/13947"}],"wp:featuredmedia":[{"embeddable":true,"href":"https:\/\/partediario.com.ar\/index.php?rest_route=\/wp\/v2\/media\/13946"}],"wp:attachment":[{"href":"https:\/\/partediario.com.ar\/index.php?rest_route=%2Fwp%2Fv2%2Fmedia&parent=13945"}],"wp:term":[{"taxonomy":"category","embeddable":true,"href":"https:\/\/partediario.com.ar\/index.php?rest_route=%2Fwp%2Fv2%2Fcategories&post=13945"},{"taxonomy":"post_tag","embeddable":true,"href":"https:\/\/partediario.com.ar\/index.php?rest_route=%2Fwp%2Fv2%2Ftags&post=13945"}],"curies":[{"name":"wp","href":"https:\/\/api.w.org\/{rel}","templated":true}]}}