{"id":13960,"date":"2025-08-11T10:37:50","date_gmt":"2025-08-11T13:37:50","guid":{"rendered":"https:\/\/partediario.com.ar\/?p=13960"},"modified":"2025-08-11T10:37:51","modified_gmt":"2025-08-11T13:37:51","slug":"juegos-culturales-entrerrianos-2025","status":"publish","type":"post","link":"https:\/\/partediario.com.ar\/?p=13960","title":{"rendered":"Juegos Culturales Entrerrianos 2025"},"content":{"rendered":"\n<h2 class=\"wp-block-heading\">El Gobierno Municipal de Santa Elena, felicita a los representantes locales que participaron en la etapa provincial de los Juegos Culturales Entrerrianos 2025 realizados en la localidad de Villa Alcaraz.<\/h2>\n\n\n\n<p>Los resultados obtenidos en los Juegos Culturales son los siguientes:<\/p>\n\n\n\n<p>1\u00b0 puesto \u2013 Fotograf\u00eda: Consuelo Monelos<br>2\u00b0 puesto \u2013 Pintura: Thiago Cardozo<br>2\u00b0 puesto \u2013 Danza en pareja: Blas Jon\u00e1s Pusch y Mailen Casals<\/p>\n\n\n\n<p><\/p>\n\n\n\n<figure class=\"wp-block-image size-large\"><img loading=\"lazy\" decoding=\"async\" width=\"461\" height=\"1024\" src=\"https:\/\/partediario.com.ar\/wp-content\/uploads\/530936769_1186201006884986_6616758500672920951_n-461x1024.jpg\" alt=\"\" class=\"wp-image-13962\" srcset=\"https:\/\/partediario.com.ar\/wp-content\/uploads\/530936769_1186201006884986_6616758500672920951_n-461x1024.jpg 461w, https:\/\/partediario.com.ar\/wp-content\/uploads\/530936769_1186201006884986_6616758500672920951_n-135x300.jpg 135w, https:\/\/partediario.com.ar\/wp-content\/uploads\/530936769_1186201006884986_6616758500672920951_n.jpg 576w\" sizes=\"auto, (max-width: 461px) 100vw, 461px\" \/><\/figure>\n\n\n\n<p><\/p>\n\n\n\n<p>El compromiso y talento de nuestros j\u00f3venes y adultos en distintas expresiones art\u00edsticas reflejan el valor de la cultura santelenense, proyectando a nuestra ciudad en espacios de encuentro y creaci\u00f3n a nivel provincial, se\u00f1alaron desde la Municipalidad.<\/p>\n","protected":false},"excerpt":{"rendered":"<p>El Gobierno Municipal de Santa Elena, felicita a los representantes locales que participaron en la etapa provincial de los Juegos Culturales Entrerrianos 2025 realizados en la localidad de Villa Alcaraz. Los resultados obtenidos en los Juegos Culturales son los siguientes: 1&deg; puesto &ndash; Fotograf&iacute;a: Consuelo Monelos2&deg; puesto &ndash; Pintura: Thiago Cardozo2&deg; puesto &ndash; Danza en [&hellip;]<\/p>\n","protected":false},"author":2,"featured_media":13961,"comment_status":"open","ping_status":"open","sticky":false,"template":"","format":"standard","meta":{"footnotes":""},"categories":[3272,726],"tags":[680,1477,6504,207],"class_list":["post-13960","post","type-post","status-publish","format-standard","has-post-thumbnail","hentry","category-municipales","category-sociedad","tag-680","tag-alcaraz","tag-juegos-culturales-entrerrianos","tag-santa-elena"],"_links":{"self":[{"href":"https:\/\/partediario.com.ar\/index.php?rest_route=\/wp\/v2\/posts\/13960","targetHints":{"allow":["GET"]}}],"collection":[{"href":"https:\/\/partediario.com.ar\/index.php?rest_route=\/wp\/v2\/posts"}],"about":[{"href":"https:\/\/partediario.com.ar\/index.php?rest_route=\/wp\/v2\/types\/post"}],"author":[{"embeddable":true,"href":"https:\/\/partediario.com.ar\/index.php?rest_route=\/wp\/v2\/users\/2"}],"replies":[{"embeddable":true,"href":"https:\/\/partediario.com.ar\/index.php?rest_route=%2Fwp%2Fv2%2Fcomments&post=13960"}],"version-history":[{"count":1,"href":"https:\/\/partediario.com.ar\/index.php?rest_route=\/wp\/v2\/posts\/13960\/revisions"}],"predecessor-version":[{"id":13963,"href":"https:\/\/partediario.com.ar\/index.php?rest_route=\/wp\/v2\/posts\/13960\/revisions\/13963"}],"wp:featuredmedia":[{"embeddable":true,"href":"https:\/\/partediario.com.ar\/index.php?rest_route=\/wp\/v2\/media\/13961"}],"wp:attachment":[{"href":"https:\/\/partediario.com.ar\/index.php?rest_route=%2Fwp%2Fv2%2Fmedia&parent=13960"}],"wp:term":[{"taxonomy":"category","embeddable":true,"href":"https:\/\/partediario.com.ar\/index.php?rest_route=%2Fwp%2Fv2%2Fcategories&post=13960"},{"taxonomy":"post_tag","embeddable":true,"href":"https:\/\/partediario.com.ar\/index.php?rest_route=%2Fwp%2Fv2%2Ftags&post=13960"}],"curies":[{"name":"wp","href":"https:\/\/api.w.org\/{rel}","templated":true}]}}