{"id":13964,"date":"2025-08-12T10:47:48","date_gmt":"2025-08-12T13:47:48","guid":{"rendered":"https:\/\/partediario.com.ar\/?p=13964"},"modified":"2025-08-14T11:31:46","modified_gmt":"2025-08-14T14:31:46","slug":"la-pampa-se-confirmo-la-primera-lista-de-diputados-peronista","status":"publish","type":"post","link":"https:\/\/partediario.com.ar\/?p=13964","title":{"rendered":"La Pampa: se confirm\u00f3 la primera lista de diputados peronista"},"content":{"rendered":"\n<h2 class=\"wp-block-heading\">El gobernador de La Pampa, Sergio Ziliotto, present\u00f3 este lunes la lista de candidatos a diputados nacionales por el peronismo para las elecciones del 26 de octubre, \u201cconjuga coherencia ideol\u00f3gica, representatividad territorial y garant\u00eda de defensa del pueblo\u201d, expres\u00f3.<\/h2>\n\n\n\n<p>La lista, que se inscribir\u00e1 bajo el nombre Frente Defendamos La Pampa, estar\u00e1 encabezada por Abelardo Ferr\u00e1n, actual decano de la Facultad de Ciencias Veterinarias de la Universidad Nacional de La Pampa, y por Virginia \u2018Lichi\u2019 Mar\u00edn, actual diputada.<\/p>\n\n\n\n<p><\/p>\n\n\n\n<blockquote class=\"twitter-tweet\"><p lang=\"es\" dir=\"ltr\">Hemos definido la lista de candidatos y candidatas de nuestro Frente para la C\u00e1mara de Diputados de la Naci\u00f3n.<br> <br>Una lista que conjuga coherencia ideol\u00f3gica, representatividad territorial y garant\u00eda de defensa de La Pampa y de su pueblo.<br> <br>Ser\u00e1 encabezada por Abelardo Ferr\u00e1n,\u2026 <a href=\"https:\/\/t.co\/QvocOWvMPV\">pic.twitter.com\/QvocOWvMPV<\/a><\/p>&mdash; Sergio Ziliotto (@ZiliottoSergio) <a href=\"https:\/\/twitter.com\/ZiliottoSergio\/status\/1955026620147712386?ref_src=twsrc%5Etfw\">August 11, 2025<\/a><\/blockquote> <script async src=\"https:\/\/platform.twitter.com\/widgets.js\" charset=\"utf-8\"><\/script>\n\n\n\n<p><\/p>\n\n\n\n<p>\u201cConjuga coherencia ideol\u00f3gica, representatividad territorial y garant\u00eda de defensa de La Pampa y de su pueblo\u201d, se\u00f1al\u00f3 Ziliotto.<\/p>\n\n\n\n<p>Completan la lista Ceferino Almudevar, actual subsecretario de Deporte del Gobierno provincial; M\u00f3nica Valor, actual intendenta de Luan Toro; Federico Ignaszewski, subgerente del Ente Municipal de Saneamiento Urbano de Santa Rosa, y Rodecia Bernelli, actual Comisionada de Fomento de Maisonnave.<\/p>\n\n\n\n<p>Ziliotto apuesta a que \u201cdesde diciembre Abelardo Ferr\u00e1n potenciar\u00e1 el trabajo y el compromiso que demuestran d\u00eda a d\u00eda \u2018Lichi\u2019 Mar\u00edn y Ariel Rauschenberger\u201d.<\/p>\n\n\n\n<p>\u201cSer\u00e1 sumar un lugar al \u00fanico espacio que defiende nuestros derechos, una voz m\u00e1s para frenar el castigo a La Pampa desde el Gobierno nacional\u201d, subray\u00f3 el gobernador.<\/p>\n","protected":false},"excerpt":{"rendered":"<p>El gobernador de La Pampa, Sergio Ziliotto, present&oacute; este lunes la lista de candidatos a diputados nacionales por el peronismo para las elecciones del 26 de octubre, &ldquo;conjuga coherencia ideol&oacute;gica, representatividad territorial y garant&iacute;a de defensa del pueblo&rdquo;, expres&oacute;. La lista, que se inscribir&aacute; bajo el nombre Frente Defendamos La Pampa, estar&aacute; encabezada por Abelardo [&hellip;]<\/p>\n","protected":false},"author":2,"featured_media":13965,"comment_status":"closed","ping_status":"closed","sticky":false,"template":"","format":"standard","meta":{"footnotes":""},"categories":[176,8],"tags":[1987,3889,6506,3997,5878],"class_list":["post-13964","post","type-post","status-publish","format-standard","has-post-thumbnail","hentry","category-politica","category-provinciales","tag-la-pampa","tag-lista","tag-peronista","tag-presentacion","tag-sergio-ziliotto"],"_links":{"self":[{"href":"https:\/\/partediario.com.ar\/index.php?rest_route=\/wp\/v2\/posts\/13964","targetHints":{"allow":["GET"]}}],"collection":[{"href":"https:\/\/partediario.com.ar\/index.php?rest_route=\/wp\/v2\/posts"}],"about":[{"href":"https:\/\/partediario.com.ar\/index.php?rest_route=\/wp\/v2\/types\/post"}],"author":[{"embeddable":true,"href":"https:\/\/partediario.com.ar\/index.php?rest_route=\/wp\/v2\/users\/2"}],"replies":[{"embeddable":true,"href":"https:\/\/partediario.com.ar\/index.php?rest_route=%2Fwp%2Fv2%2Fcomments&post=13964"}],"version-history":[{"count":1,"href":"https:\/\/partediario.com.ar\/index.php?rest_route=\/wp\/v2\/posts\/13964\/revisions"}],"predecessor-version":[{"id":13966,"href":"https:\/\/partediario.com.ar\/index.php?rest_route=\/wp\/v2\/posts\/13964\/revisions\/13966"}],"wp:featuredmedia":[{"embeddable":true,"href":"https:\/\/partediario.com.ar\/index.php?rest_route=\/wp\/v2\/media\/13965"}],"wp:attachment":[{"href":"https:\/\/partediario.com.ar\/index.php?rest_route=%2Fwp%2Fv2%2Fmedia&parent=13964"}],"wp:term":[{"taxonomy":"category","embeddable":true,"href":"https:\/\/partediario.com.ar\/index.php?rest_route=%2Fwp%2Fv2%2Fcategories&post=13964"},{"taxonomy":"post_tag","embeddable":true,"href":"https:\/\/partediario.com.ar\/index.php?rest_route=%2Fwp%2Fv2%2Ftags&post=13964"}],"curies":[{"name":"wp","href":"https:\/\/api.w.org\/{rel}","templated":true}]}}