{"id":13967,"date":"2025-08-12T10:53:40","date_gmt":"2025-08-12T13:53:40","guid":{"rendered":"https:\/\/partediario.com.ar\/?p=13967"},"modified":"2025-08-14T11:31:50","modified_gmt":"2025-08-14T14:31:50","slug":"los-abogados-de-la-empresa-que-reprime-son-defensores-de-genocidas-apunto-bregman","status":"publish","type":"post","link":"https:\/\/partediario.com.ar\/?p=13967","title":{"rendered":"\u201cLos abogados de la empresa que reprime son defensores de genocidas\u201d, apunt\u00f3 Bregman"},"content":{"rendered":"\n<h2 class=\"wp-block-heading\">La referente del Frente de Izquierda y candidata a diputada Myriam Bregman calific\u00f3 de \u201cdefensores de genocidas\u201d a los abogados Ricardo Saint Jean y Edgar Schiavone, que representan a la empresa de electricidad Secco, y los vincul\u00f3 con la ministra de Seguridad, Patricia Bullrich.<\/h2>\n\n\n\n<p>\u201c\u00bfCon qui\u00e9nes se mueve el empresario (Jorge) Bal\u00e1n, due\u00f1o de Secco? \u00bfCon qui\u00e9nes coordin\u00f3 el operativo represivo la \u2018miliquita\u2019 Bullrich? La respuesta: con dos reconocidos abogados de genocidas y defensores de la dictadura c\u00edvico militar\u201d, dispar\u00f3 Bregman, haciendo referencia a los letrados Saint Jean y Schiavone.<\/p>\n\n\n\n<p>La ex legisladora se manifest\u00f3 en esos t\u00e9rminos ante el conflicto generado en la empresa por los despidos puestos en marcha en las \u00faltimas semanas, sumado a los forcejeos de la Polic\u00eda Federal con los trabajadores de la planta de la localidad de San Mart\u00edn que exig\u00edan el cese de despidos.<\/p>\n\n\n\n<p>Bregman se\u00f1al\u00f3 que Saint Jean es hijo del gobernador bonaerense durante la \u00faltima dictadura, en referencia a Ib\u00e9rico Saint Jean, e integra la Asociaci\u00f3n de Abogados por la Justicia y la Concordia que \u201cdefiende a represores y coordina acciones para conseguir su libertad\u201d.<\/p>\n\n\n\n<p>Y agreg\u00f3 que Schiavone es su socio y actu\u00f3 \u201cen defensa de los acusados del Centro Clandestino de Detenci\u00f3n conocido como La Cacha\u201d, entre otros.<\/p>\n\n\n\n<p>El Ministerio de Trabajo bonaerense, que conduce Walter Correa, determin\u00f3 que el accionar de la empresa Secco es \u201cilegal\u201d, por la que debe retrotraer sus \u00faltimas medidas y reincorporar a los empleados desafectados, mientras la firma decidi\u00f3 impulsar una causa penal y presentarse como querellante.<\/p>\n\n\n\n<p>\u201cQue los trabajadores puedan recuperar sus puestos de trabajo y sus derechos conculcados es m\u00e1s que un reclamo laboral. Es un acto de justicia. Debemos pelear por ello\u201d, finaliz\u00f3 Bregman.<\/p>\n","protected":false},"excerpt":{"rendered":"<p>La referente del Frente de Izquierda y candidata a diputada Myriam Bregman calific&oacute; de &ldquo;defensores de genocidas&rdquo; a los abogados Ricardo Saint Jean y Edgar Schiavone, que representan a la empresa de electricidad Secco, y los vincul&oacute; con la ministra de Seguridad, Patricia Bullrich. &ldquo;&iquest;Con qui&eacute;nes se mueve el empresario (Jorge) Bal&aacute;n, due&ntilde;o de Secco? [&hellip;]<\/p>\n","protected":false},"author":2,"featured_media":13968,"comment_status":"closed","ping_status":"closed","sticky":false,"template":"","format":"standard","meta":{"footnotes":""},"categories":[5,176],"tags":[6508,2156,6507,6509],"class_list":["post-13967","post","type-post","status-publish","format-standard","has-post-thumbnail","hentry","category-nacionales","category-politica","tag-edgar-schiavone","tag-myriam-bregman","tag-ricardo-saint-jean","tag-secco"],"_links":{"self":[{"href":"https:\/\/partediario.com.ar\/index.php?rest_route=\/wp\/v2\/posts\/13967","targetHints":{"allow":["GET"]}}],"collection":[{"href":"https:\/\/partediario.com.ar\/index.php?rest_route=\/wp\/v2\/posts"}],"about":[{"href":"https:\/\/partediario.com.ar\/index.php?rest_route=\/wp\/v2\/types\/post"}],"author":[{"embeddable":true,"href":"https:\/\/partediario.com.ar\/index.php?rest_route=\/wp\/v2\/users\/2"}],"replies":[{"embeddable":true,"href":"https:\/\/partediario.com.ar\/index.php?rest_route=%2Fwp%2Fv2%2Fcomments&post=13967"}],"version-history":[{"count":1,"href":"https:\/\/partediario.com.ar\/index.php?rest_route=\/wp\/v2\/posts\/13967\/revisions"}],"predecessor-version":[{"id":13969,"href":"https:\/\/partediario.com.ar\/index.php?rest_route=\/wp\/v2\/posts\/13967\/revisions\/13969"}],"wp:featuredmedia":[{"embeddable":true,"href":"https:\/\/partediario.com.ar\/index.php?rest_route=\/wp\/v2\/media\/13968"}],"wp:attachment":[{"href":"https:\/\/partediario.com.ar\/index.php?rest_route=%2Fwp%2Fv2%2Fmedia&parent=13967"}],"wp:term":[{"taxonomy":"category","embeddable":true,"href":"https:\/\/partediario.com.ar\/index.php?rest_route=%2Fwp%2Fv2%2Fcategories&post=13967"},{"taxonomy":"post_tag","embeddable":true,"href":"https:\/\/partediario.com.ar\/index.php?rest_route=%2Fwp%2Fv2%2Ftags&post=13967"}],"curies":[{"name":"wp","href":"https:\/\/api.w.org\/{rel}","templated":true}]}}