{"id":13970,"date":"2025-08-12T10:59:18","date_gmt":"2025-08-12T13:59:18","guid":{"rendered":"https:\/\/partediario.com.ar\/?p=13970"},"modified":"2025-08-14T11:31:54","modified_gmt":"2025-08-14T14:31:54","slug":"no-es-momento-de-guardarse-nada-destaco-kicillof-en-un-plenario-en-la-plata","status":"publish","type":"post","link":"https:\/\/partediario.com.ar\/?p=13970","title":{"rendered":"\u201cNo es momento de guardarse nada\u201d: destac\u00f3 Kicillof en un plenario en La Plata"},"content":{"rendered":"\n<h2 class=\"wp-block-heading\">El gobernador bonaerense, Axel Kicillof, areng\u00f3 este lunes al electorado del distrito a \u201cno guardarse nada\u201d para las elecciones provinciales del 7 de septiembre, lo dijo al encabezar un plenario del Movimiento Derecho al Futuro (MDF) en La Plata.<\/h2>\n\n\n\n<p>\u201cNo es momento de guardarse nada. M\u00e1s que nunca a militar, recorrer, escuchar y explicar todo lo que est\u00e1 en juego y por qu\u00e9 la boleta de Fuerza Patria es la \u00fanica que puede ponerle un freno a (Javier) Milei y defender el futuro de los bonaerenses\u201d, manifest\u00f3 Kicillof.<\/p>\n\n\n\n<p><\/p>\n\n\n\n<blockquote class=\"twitter-tweet\"><p lang=\"es\" dir=\"ltr\">El 7 de septiembre vamos a defender a la provincia, a la industria y la producci\u00f3n, a la universidad p\u00fablica, a los pibes y pibas, a los jubilados. Lo vamos a hacer democr\u00e1ticamente en las urnas y como mejor sabemos, con la militancia en las calles y los barrios. <a href=\"https:\/\/t.co\/1Rc8CoL4IS\">pic.twitter.com\/1Rc8CoL4IS<\/a><\/p>&mdash; Axel Kicillof (@Kicillofok) <a href=\"https:\/\/twitter.com\/Kicillofok\/status\/1955031634589217156?ref_src=twsrc%5Etfw\">August 11, 2025<\/a><\/blockquote> <script async src=\"https:\/\/platform.twitter.com\/widgets.js\" charset=\"utf-8\"><\/script>\n\n\n\n<p><\/p>\n\n\n\n<p>A una semana del cierre de listas para las elecciones legislativas nacionales del 26 de octubre, el gobernador plante\u00f3 que \u201cnadie duda de que nos enfrentamos a un plan entreguista y cruel y de que la motosierra que prometieron usar contra la casta la est\u00e1n usando para destruir derechos\u201d.<\/p>\n\n\n\n<p>\u201cPor eso en esta elecci\u00f3n est\u00e1n en juego la Patria, la soberan\u00eda y la democracia. Nuestra historia y nuestro futuro\u201d, subray\u00f3.<\/p>\n\n\n\n<p>Kicillof reafirm\u00f3 que \u201cel 7 de septiembre vamos a defender a la provincia, a la industria y la producci\u00f3n, a la universidad p\u00fablica, a los pibes y pibas, a los jubilados. Lo vamos a hacer democr\u00e1ticamente en las urnas y como mejor sabemos, con la militancia en las calles y los barrios\u201d, a\u00f1adi\u00f3.<\/p>\n\n\n\n<p>\u201cLa elecci\u00f3n que viene tiene que ser un contundente \u2018no\u2019 del pueblo de la provincia al ajuste y la crueldad del Gobierno Nacional, y una muestra de que los bonaerenses queremos un futuro mejor con m\u00e1s derechos. El 7 de septiembre hay una sola boleta para ponerle un freno a Milei, la boleta de Fuerza Patria\u201d destac\u00f3, por su parte, el ministro de Desarrollo de la Comunidad, Andr\u00e9s \u2018Cuervo\u2019 Larroque.<\/p>\n","protected":false},"excerpt":{"rendered":"<p>El gobernador bonaerense, Axel Kicillof, areng&oacute; este lunes al electorado del distrito a &ldquo;no guardarse nada&rdquo; para las elecciones provinciales del 7 de septiembre, lo dijo al encabezar un plenario del Movimiento Derecho al Futuro (MDF) en La Plata. &ldquo;No es momento de guardarse nada. M&aacute;s que nunca a militar, recorrer, escuchar y explicar todo [&hellip;]<\/p>\n","protected":false},"author":2,"featured_media":13971,"comment_status":"closed","ping_status":"closed","sticky":false,"template":"","format":"standard","meta":{"footnotes":""},"categories":[5,176],"tags":[1112,232,2929,6510,3229],"class_list":["post-13970","post","type-post","status-publish","format-standard","has-post-thumbnail","hentry","category-nacionales","category-politica","tag-axel-kicillof","tag-javier-milei","tag-la-plata","tag-movimiento-al-futuro","tag-plenario"],"_links":{"self":[{"href":"https:\/\/partediario.com.ar\/index.php?rest_route=\/wp\/v2\/posts\/13970","targetHints":{"allow":["GET"]}}],"collection":[{"href":"https:\/\/partediario.com.ar\/index.php?rest_route=\/wp\/v2\/posts"}],"about":[{"href":"https:\/\/partediario.com.ar\/index.php?rest_route=\/wp\/v2\/types\/post"}],"author":[{"embeddable":true,"href":"https:\/\/partediario.com.ar\/index.php?rest_route=\/wp\/v2\/users\/2"}],"replies":[{"embeddable":true,"href":"https:\/\/partediario.com.ar\/index.php?rest_route=%2Fwp%2Fv2%2Fcomments&post=13970"}],"version-history":[{"count":1,"href":"https:\/\/partediario.com.ar\/index.php?rest_route=\/wp\/v2\/posts\/13970\/revisions"}],"predecessor-version":[{"id":13972,"href":"https:\/\/partediario.com.ar\/index.php?rest_route=\/wp\/v2\/posts\/13970\/revisions\/13972"}],"wp:featuredmedia":[{"embeddable":true,"href":"https:\/\/partediario.com.ar\/index.php?rest_route=\/wp\/v2\/media\/13971"}],"wp:attachment":[{"href":"https:\/\/partediario.com.ar\/index.php?rest_route=%2Fwp%2Fv2%2Fmedia&parent=13970"}],"wp:term":[{"taxonomy":"category","embeddable":true,"href":"https:\/\/partediario.com.ar\/index.php?rest_route=%2Fwp%2Fv2%2Fcategories&post=13970"},{"taxonomy":"post_tag","embeddable":true,"href":"https:\/\/partediario.com.ar\/index.php?rest_route=%2Fwp%2Fv2%2Ftags&post=13970"}],"curies":[{"name":"wp","href":"https:\/\/api.w.org\/{rel}","templated":true}]}}