{"id":13973,"date":"2025-08-12T11:05:24","date_gmt":"2025-08-12T14:05:24","guid":{"rendered":"https:\/\/partediario.com.ar\/?p=13973"},"modified":"2025-08-14T11:31:58","modified_gmt":"2025-08-14T14:31:58","slug":"a-pesar-que-el-decreto-fue-rechazodo-por-el-poder-legilativo-el-gobierno-avanza-con-la-reduccion-de-la-estructura-del-inta","status":"publish","type":"post","link":"https:\/\/partediario.com.ar\/?p=13973","title":{"rendered":"A pesar que el decreto fue rechazado por el poder legilativo, el Gobierno avanza con la reducci\u00f3n de la estructura del INTA"},"content":{"rendered":"\n<h2 class=\"wp-block-heading\">El Gobierno nacional contin\u00faa con la reducci\u00f3n de la estructura del Instituto Nacional de Tecnolog\u00eda Agropecuaria (INTA), a trav\u00e9s del Decreto 571\/2025 publicado este martes en el Bolet\u00edn Oficial, pese al rechazo legislativo de la modificaci\u00f3n del organismo.<\/h2>\n\n\n\n<p>La normativa determin\u00f3 la eliminaci\u00f3n de la Direcci\u00f3n Nacional del INTA, transfiriendo las funciones a la Presidencia del organismo, en el marco de la transformaci\u00f3n institucional que viene realizando la administraci\u00f3n de Javier Milei.<\/p>\n\n\n\n<p>La medida se da a poco menos de una semana del rechazo opositor en la C\u00e1mara de Diputados a una serie de decretos delegados emitidos por el Gobierno, entre los que estaba el 462\/2025, que establec\u00eda la transformaci\u00f3n del Instituto de organismo descentralizado a desconcentrado.<\/p>\n\n\n\n<p>En l\u00ednea con el decreto rechazado que ampli\u00f3 las funciones asignadas al Presidente del INTA, la nueva norma se ampar\u00f3 en la facultad del titular del organismo de proponer la estructura organizativa del mismo, seg\u00fan dispone el art\u00edculo 4\u00b0 del Decreto-Ley N\u00ba 21.680\/56.<\/p>\n\n\n\n<p>El actual responsable m\u00e1ximo del organismo, Nicol\u00e1s Bronzovich, elabor\u00f3 un informe en el que impuls\u00f3 la supresi\u00f3n de la Direcci\u00f3n Nacional de la estructura organizativa del Instituto.<\/p>\n\n\n\n<p>En los fundamentos de la decisi\u00f3n en el texto oficial, el Ejecutivo se\u00f1al\u00f3 que \u201clas actuales funciones del Presidente del Instituto resultan superpuestas con las oportunamente asignadas a la Direcci\u00f3n Nacional en su car\u00e1cter de \u00f3rgano ejecutivo del Instituto\u201d, indicando que \u201clas razones operativas que justificaban la existencia de la mencionada Direcci\u00f3n Nacional han desaparecido\u201d.<\/p>\n\n\n\n<p>De este modo, resolvi\u00f3 que a partir de ahora las disposiciones de la Resoluci\u00f3n 513\/19, en las que se menciona a la Direcci\u00f3n Nacional del INTA \u201cdeber\u00e1n entenderse referidas al Presidente del citado Instituto\u201d.<\/p>\n\n\n\n<p>Y aclar\u00f3 que \u201chasta tanto se concluya con la reestructuraci\u00f3n de las \u00e1reas afectadas por la presente medida, se mantendr\u00e1n vigentes las aperturas estructurales existentes de primer nivel operativo y aperturas de nivel inferior de la Direcci\u00f3n Nacional suprimida por el presente acto, las que mantendr\u00e1n las acciones, cargos, dotaciones y suplementos vigentes a la fecha\u201d.<\/p>\n","protected":false},"excerpt":{"rendered":"<p>El Gobierno nacional contin&uacute;a con la reducci&oacute;n de la estructura del Instituto Nacional de Tecnolog&iacute;a Agropecuaria (INTA), a trav&eacute;s del Decreto 571\/2025 publicado este martes en el Bolet&iacute;n Oficial, pese al rechazo legislativo de la modificaci&oacute;n del organismo. La normativa determin&oacute; la eliminaci&oacute;n de la Direcci&oacute;n Nacional del INTA, transfiriendo las funciones a la Presidencia [&hellip;]<\/p>\n","protected":false},"author":2,"featured_media":13974,"comment_status":"closed","ping_status":"closed","sticky":false,"template":"","format":"standard","meta":{"footnotes":""},"categories":[5,176],"tags":[310,224,3844,6512,690],"class_list":["post-13973","post","type-post","status-publish","format-standard","has-post-thumbnail","hentry","category-nacionales","category-politica","tag-diputados","tag-gobierno","tag-inta","tag-nicolas-bronzovich","tag-rechazo"],"_links":{"self":[{"href":"https:\/\/partediario.com.ar\/index.php?rest_route=\/wp\/v2\/posts\/13973","targetHints":{"allow":["GET"]}}],"collection":[{"href":"https:\/\/partediario.com.ar\/index.php?rest_route=\/wp\/v2\/posts"}],"about":[{"href":"https:\/\/partediario.com.ar\/index.php?rest_route=\/wp\/v2\/types\/post"}],"author":[{"embeddable":true,"href":"https:\/\/partediario.com.ar\/index.php?rest_route=\/wp\/v2\/users\/2"}],"replies":[{"embeddable":true,"href":"https:\/\/partediario.com.ar\/index.php?rest_route=%2Fwp%2Fv2%2Fcomments&post=13973"}],"version-history":[{"count":2,"href":"https:\/\/partediario.com.ar\/index.php?rest_route=\/wp\/v2\/posts\/13973\/revisions"}],"predecessor-version":[{"id":13979,"href":"https:\/\/partediario.com.ar\/index.php?rest_route=\/wp\/v2\/posts\/13973\/revisions\/13979"}],"wp:featuredmedia":[{"embeddable":true,"href":"https:\/\/partediario.com.ar\/index.php?rest_route=\/wp\/v2\/media\/13974"}],"wp:attachment":[{"href":"https:\/\/partediario.com.ar\/index.php?rest_route=%2Fwp%2Fv2%2Fmedia&parent=13973"}],"wp:term":[{"taxonomy":"category","embeddable":true,"href":"https:\/\/partediario.com.ar\/index.php?rest_route=%2Fwp%2Fv2%2Fcategories&post=13973"},{"taxonomy":"post_tag","embeddable":true,"href":"https:\/\/partediario.com.ar\/index.php?rest_route=%2Fwp%2Fv2%2Ftags&post=13973"}],"curies":[{"name":"wp","href":"https:\/\/api.w.org\/{rel}","templated":true}]}}