{"id":13976,"date":"2025-08-12T11:11:47","date_gmt":"2025-08-12T14:11:47","guid":{"rendered":"https:\/\/partediario.com.ar\/?p=13976"},"modified":"2025-08-15T12:28:09","modified_gmt":"2025-08-15T15:28:09","slug":"la-onu-condena-a-israel-por-el-brutal-asesinato-de-seis-periodistas-en-gaza","status":"publish","type":"post","link":"https:\/\/partediario.com.ar\/?p=13976","title":{"rendered":"La ONU condena a Israel por el brutal asesinato de seis periodistas en Gaza"},"content":{"rendered":"\n<h2 class=\"wp-block-heading\">La Organizaci\u00f3n de las Naciones Unidas (ONU) conden\u00f3 la muerte de seis periodistas palestinos en el ataque a\u00e9reo israel\u00ed del domingo contra la ciudad de Gaza, calific\u00e1ndola de \u201cgrave violaci\u00f3n del derecho internacional humanitario\u201d.<\/h2>\n\n\n\n<p>\u201cIsrael debe respetar y proteger a todos los civiles, incluidos los periodistas\u201d, declar\u00f3 la Oficina del Alto Comisionado de las Naciones Unidas para los Derechos Humanos en la red social X, solicitando \u201cacceso inmediato, seguro y sin trabas\u201d a Gaza para todos los periodistas.<\/p>\n\n\n\n<p>De acuerdo a la oficina, al menos 242 periodistas palestinos han muerto en Gaza desde el 7 de octubre de 2023.<\/p>\n\n\n\n<p>La cadena de medios Al Jazeera conden\u00f3 al ej\u00e9rcito israel\u00ed por matar a cinco de sus corresponsales en un ataque a\u00e9reo contra su tienda de campa\u00f1a frente al Hospital Al-Shifa en la ciudad de Gaza el domingo.<\/p>\n\n\n\n<p>Seg\u00fan las autoridades de defensa civil de Gaza y funcionarios del hospital, un periodista independiente herido en el ataque a\u00e9reo falleci\u00f3 la ma\u00f1ana del lunes, elevando la cifra de muertos a seis.<\/p>\n\n\n\n<p>El Gobierno de Chile sum\u00f3 su condena el asesinato de seis periodistas palestinos en Gaza, luego de un desopiadado ataque del Ej\u00e9rcito de Israel a su tienda de campa\u00f1a.<\/p>\n\n\n\n<p>A trav\u00e9s de un comunicado el Ministerio de Relaciones Exteriores del pa\u00eds austral expres\u00f3 su \u201cen\u00e9rgica condena\u201d a este hecho que \u201cconstituye una grave vulneraci\u00f3n del derecho internacional humanitario y una amenaza directa al ejercicio de la labor period\u00edstica\u201d.<\/p>\n\n\n\n<p>La canciller\u00eda chilena adem\u00e1s reiter\u00f3 su llamado urgente a que Israel ponga fin a las \u201cgrav\u00edsimas violaciones a los derechos humanos y el derecho internacional humanitario que se cometen en Gaza\u201d.<\/p>\n\n\n\n<p>La cartera inst\u00f3 a garantizar en todo momento la protecci\u00f3n de la poblaci\u00f3n civil y de quienes ejercen la labor informativa.<\/p>\n\n\n\n<p>El Gobierno de Chile expres\u00f3 sus \u201csentidas condolencias y solidaridad a las familias de las v\u00edctimas, al pueblo palestino y a los medios de comunicaci\u00f3n para los que trabajan estos periodistas\u201d.<\/p>\n\n\n\n<p>Y advirti\u00f3 que desde el 7 de octubre de 2023, al menos 242 periodistas murieron en Gaza, lo que calific\u00f3 de \u201cpatr\u00f3n alarmante de violencia\u201d contra los profesionales de la comunicaci\u00f3n.<\/p>\n\n\n\n<p>China se opone a todas las acciones que da\u00f1an a civiles y condena las acciones violentas dirigidas contra los corresponsales, advirti\u00f3 a su turno el portavoz del Ministerio de Relaciones Exteriores chino Lin Jian, apunt\u00f3, seg\u00fan informaciones de la agencia de noticias Xinhua.<\/p>\n\n\n\n<p>Lin formul\u00f3 estas declaraciones en respuesta a una pregunta de los medios de comunicaci\u00f3n sobre la noticia de que Israel mat\u00f3 a cinco corresponsales de Al Jazeera en un ataque a\u00e9reo.<\/p>\n\n\n\n<p>\u201cLamentamos que los corresponsales perdieran la vida tr\u00e1gicamente en el conflicto\u201d, destac\u00f3 el portavoz. China insta a Israel a detener de inmediato su operaci\u00f3n militar en Gaza, reanudar plenamente el acceso a los suministros humanitarios, evitar una crisis humanitaria de mayor escalada y distender la situaci\u00f3n lo antes posible, concluy\u00f3 Lin.<\/p>\n","protected":false},"excerpt":{"rendered":"<p>La Organizaci&oacute;n de las Naciones Unidas (ONU) conden&oacute; la muerte de seis periodistas palestinos en el ataque a&eacute;reo israel&iacute; del domingo contra la ciudad de Gaza, calific&aacute;ndola de &ldquo;grave violaci&oacute;n del derecho internacional humanitario&rdquo;. &ldquo;Israel debe respetar y proteger a todos los civiles, incluidos los periodistas&rdquo;, declar&oacute; la Oficina del Alto Comisionado de las Naciones [&hellip;]<\/p>\n","protected":false},"author":2,"featured_media":13977,"comment_status":"closed","ping_status":"closed","sticky":false,"template":"","format":"standard","meta":{"footnotes":""},"categories":[9,726],"tags":[6514,6515,746,3652,6513,235,238],"class_list":["post-13976","post","type-post","status-publish","format-standard","has-post-thumbnail","hentry","category-internacionales","category-sociedad","tag-al-jazeera","tag-anas-al-sharif","tag-asesinato","tag-condena","tag-corresponsal","tag-israel","tag-onu"],"_links":{"self":[{"href":"https:\/\/partediario.com.ar\/index.php?rest_route=\/wp\/v2\/posts\/13976","targetHints":{"allow":["GET"]}}],"collection":[{"href":"https:\/\/partediario.com.ar\/index.php?rest_route=\/wp\/v2\/posts"}],"about":[{"href":"https:\/\/partediario.com.ar\/index.php?rest_route=\/wp\/v2\/types\/post"}],"author":[{"embeddable":true,"href":"https:\/\/partediario.com.ar\/index.php?rest_route=\/wp\/v2\/users\/2"}],"replies":[{"embeddable":true,"href":"https:\/\/partediario.com.ar\/index.php?rest_route=%2Fwp%2Fv2%2Fcomments&post=13976"}],"version-history":[{"count":1,"href":"https:\/\/partediario.com.ar\/index.php?rest_route=\/wp\/v2\/posts\/13976\/revisions"}],"predecessor-version":[{"id":13978,"href":"https:\/\/partediario.com.ar\/index.php?rest_route=\/wp\/v2\/posts\/13976\/revisions\/13978"}],"wp:featuredmedia":[{"embeddable":true,"href":"https:\/\/partediario.com.ar\/index.php?rest_route=\/wp\/v2\/media\/13977"}],"wp:attachment":[{"href":"https:\/\/partediario.com.ar\/index.php?rest_route=%2Fwp%2Fv2%2Fmedia&parent=13976"}],"wp:term":[{"taxonomy":"category","embeddable":true,"href":"https:\/\/partediario.com.ar\/index.php?rest_route=%2Fwp%2Fv2%2Fcategories&post=13976"},{"taxonomy":"post_tag","embeddable":true,"href":"https:\/\/partediario.com.ar\/index.php?rest_route=%2Fwp%2Fv2%2Ftags&post=13976"}],"curies":[{"name":"wp","href":"https:\/\/api.w.org\/{rel}","templated":true}]}}