{"id":21073,"date":"2025-08-13T19:00:15","date_gmt":"2025-08-13T22:00:15","guid":{"rendered":"https:\/\/partediario.com.ar\/?p=21073"},"modified":"2025-08-14T11:32:03","modified_gmt":"2025-08-14T14:32:03","slug":"milei-no-va-a-ser-mas-racional-hacia-adelante-va-a-ser-mas-delirante-y-hay-que-frenarlo-senalo-katopodis","status":"publish","type":"post","link":"https:\/\/partediario.com.ar\/?p=21073","title":{"rendered":"\u201cMilei no va a ser m\u00e1s racional hacia adelante, va a ser m\u00e1s delirante y hay que frenarlo\u201d, se\u00f1al\u00f3 Katopodis"},"content":{"rendered":"\n<h2 class=\"wp-block-heading\">El ministro de Infraestructura bonaerense y candidato a senador en la Primera Secci\u00f3n Electoral Gabriel Katopodis afirm\u00f3 hoy que el presidente Javier Milei \u201cno va a ser racional\u201d en el futuro y llam\u00f3 a \u201cfrenarlo\u201d en las elecciones legislativas bonaerenses.<\/h2>\n\n\n\n<p>\u201cMilei no va a ser m\u00e1s racional hacia adelante, va a ser m\u00e1s delirante y hay que frenarlo. Si el 8 de septiembre vuelven con un respaldo electoral y con la motosierra recargada, ah\u00ed s\u00ed que terminan de armar otra Argentina\u201d, destac\u00f3 Katopodis en declaraciones radiales.<\/p>\n\n\n\n<p>Asimismo, el funcionario bonaerense se\u00f1al\u00f3 que no quieren que el Presidente \u201creviente todo\u201d y siga \u201ctomando decisiones que lastiman y joden la vida cotidiana de los argentinos\u201d.<\/p>\n\n\n\n<p>Y ratific\u00f3 que \u201cla provincia de Buenos Aires muestra que hay una agenda que, con much\u00edsimas dificultades, se sostiene en un rumbo absolutamente diferente a lo que propone Milei\u201d.<\/p>\n\n\n\n<p>Adem\u00e1s hizo referencia al parate en la obra p\u00fablica a nivel nacional e indic\u00f3 que Argentina es un \u201cpa\u00eds rico, pero injusto\u201d y la obra p\u00fablica es la que \u201cpermite que las oportunidades se repartan de una manera m\u00e1s equitativa\u201d.<\/p>\n\n\n\n<p>\u201cEstoy convencido que los ricos no quieren pagar impuestos, no quieren construir universidades, rutas ni hospitales. Nosotros creemos que s\u00ed, que tienen que hacer un esfuerzo mayor que los dem\u00e1s\u201d, plante\u00f3 Katopodis.<\/p>\n","protected":false},"excerpt":{"rendered":"<p>El ministro de Infraestructura bonaerense y candidato a senador en la Primera Secci&oacute;n Electoral Gabriel Katopodis afirm&oacute; hoy que el presidente Javier Milei &ldquo;no va a ser racional&rdquo; en el futuro y llam&oacute; a &ldquo;frenarlo&rdquo; en las elecciones legislativas bonaerenses. &ldquo;Milei no va a ser m&aacute;s racional hacia adelante, va a ser m&aacute;s delirante y [&hellip;]<\/p>\n","protected":false},"author":2,"featured_media":21074,"comment_status":"closed","ping_status":"closed","sticky":false,"template":"","format":"standard","meta":{"footnotes":""},"categories":[5,176],"tags":[2390,232],"class_list":["post-21073","post","type-post","status-publish","format-standard","has-post-thumbnail","hentry","category-nacionales","category-politica","tag-gabriel-katopodis","tag-javier-milei"],"_links":{"self":[{"href":"https:\/\/partediario.com.ar\/index.php?rest_route=\/wp\/v2\/posts\/21073","targetHints":{"allow":["GET"]}}],"collection":[{"href":"https:\/\/partediario.com.ar\/index.php?rest_route=\/wp\/v2\/posts"}],"about":[{"href":"https:\/\/partediario.com.ar\/index.php?rest_route=\/wp\/v2\/types\/post"}],"author":[{"embeddable":true,"href":"https:\/\/partediario.com.ar\/index.php?rest_route=\/wp\/v2\/users\/2"}],"replies":[{"embeddable":true,"href":"https:\/\/partediario.com.ar\/index.php?rest_route=%2Fwp%2Fv2%2Fcomments&post=21073"}],"version-history":[{"count":1,"href":"https:\/\/partediario.com.ar\/index.php?rest_route=\/wp\/v2\/posts\/21073\/revisions"}],"predecessor-version":[{"id":21075,"href":"https:\/\/partediario.com.ar\/index.php?rest_route=\/wp\/v2\/posts\/21073\/revisions\/21075"}],"wp:featuredmedia":[{"embeddable":true,"href":"https:\/\/partediario.com.ar\/index.php?rest_route=\/wp\/v2\/media\/21074"}],"wp:attachment":[{"href":"https:\/\/partediario.com.ar\/index.php?rest_route=%2Fwp%2Fv2%2Fmedia&parent=21073"}],"wp:term":[{"taxonomy":"category","embeddable":true,"href":"https:\/\/partediario.com.ar\/index.php?rest_route=%2Fwp%2Fv2%2Fcategories&post=21073"},{"taxonomy":"post_tag","embeddable":true,"href":"https:\/\/partediario.com.ar\/index.php?rest_route=%2Fwp%2Fv2%2Ftags&post=21073"}],"curies":[{"name":"wp","href":"https:\/\/api.w.org\/{rel}","templated":true}]}}