{"id":2356,"date":"2024-06-12T01:06:14","date_gmt":"2024-06-12T01:06:14","guid":{"rendered":"https:\/\/partediario.com.ar\/?p=2356"},"modified":"2024-06-12T01:07:34","modified_gmt":"2024-06-12T01:07:34","slug":"el-senado-aprobo-el-subsidio-a-la-tarifa-electrica-para-universidades-y-expreso-su-apoyo-en-la-defensa-de-los-medios-publicos","status":"publish","type":"post","link":"https:\/\/partediario.com.ar\/?p=2356","title":{"rendered":"El Senado aprob\u00f3 el subsidio a la tarifa el\u00e9ctrica para universidades y expres\u00f3 su apoyo en la defensa de los medios p\u00fablicos"},"content":{"rendered":"\n<p><strong>La Honorable C\u00e1mara de Senadores de Entre R\u00edos realiz\u00f3 este martes la octava Sesi\u00f3n Ordinaria correspondiente al 145\u00ba Per\u00edodo Legislativo. Fue presidida por el vicepresidente primero Rafael Cavagna (Nogoy\u00e1- Juntos por Entre R\u00edos), en reemplazo de la vicegobernadora y presidente del Senado, Alicia Aluani, quien se encuentra a cargo del Ejecutivo provincial.<\/strong><\/p>\n\n\n\n<p>Al respecto, el senador Jaime Benedetti (Gualeguaych\u00fa- Juntos por Entre R\u00edos) pidi\u00f3 la palabra para fundamentar la iniciativa.<br>\u201cVoy a pedir a nuestros colegas senadores la aprobaci\u00f3n de este proyecto de comunicaci\u00f3n que se\u00f1ala que ver\u00eda con agrado que el Poder Ejecutivo nacional, a trav\u00e9s de las \u00e1reas que correspondan, analice las medidas necesarias para evitar el cierre de la Agencia Nacional de Informaci\u00f3n P\u00fablica y Noticias (T\u00e9lam), como as\u00ed tambi\u00e9n el proyecto de privatizaci\u00f3n de la empresa estatal bajo cuya \u00f3rbita funcionan la TV P\u00fablica y Radio Nacional, junto a su cadena de emisoras p\u00fablicas de la nuestra provincia: LT14, Radio General Urquiza de Paran\u00e1; LT11, Radio General Ram\u00edrez de Concepci\u00f3n del Uruguay y LRA42, Radio Nacional Gualeguaych\u00fa, a fin de garantizar la soberan\u00eda informativa a lo largo y ancho del pa\u00eds con contenido federal, pluralidad de voces y opiniones\u201d, afirm\u00f3.<\/p>\n\n\n\n<p>Y continu\u00f3: \u201cEntre los fundamentos entendemos que la libertad de expresi\u00f3n es una garant\u00eda esencial para una sociedad democr\u00e1tica y la misma se integra necesariamente con el derecho a la comunicaci\u00f3n de los medios y el derecho a la informaci\u00f3n de los ciudadanos. Los medios p\u00fablicos de comunicaci\u00f3n son de vital importancia para la llegada de la informaci\u00f3n a los puntos m\u00e1s rec\u00f3nditos de la provincia, tal como en los distintos departamentos donde est\u00e1 nuestra radio lo podemos comprobar. En radios como LT14 Radio General Urquiza de Paran\u00e1, desde hace casi 80 a\u00f1os, LRA42 Radio Nacional Gualeguaych\u00fa, 37 a\u00f1os y LT11 Radio General Urquiza de Concepci\u00f3n del Uruguay, 73 a\u00f1os, vienen informando sobre lo que pasa en cada regi\u00f3n de la provincia. Es necesario sostener a los medios p\u00fablicos como fuentes de igualdad en el acceso a la informaci\u00f3n para que se escuchen todas las voces y opiniones que fortalezcan la democracia\u201d.<\/p>\n\n\n\n<p>Ley de Transici\u00f3n de Gobierno<\/p>\n\n\n\n<p>Seguidamente, los senadores aprobaron con modificaciones el proyecto de Ley de Ejecutivo por el que se establece el r\u00e9gimen legal de transici\u00f3n de gobierno. Al respecto, el senador Jaime Benedetti (Gualeguaych\u00fa \u2013 Juntos Por Entre R\u00edos) explic\u00f3 que este proyecto \u201ctiende a que la transici\u00f3n entre el r\u00e9gimen del gobierno saliente en las etapas de cambio de gobierno sea eficiente, que sea transparente y que sea ordenada\u201d.<\/p>\n\n\n\n<p>Sobre el contenido del mismo, detall\u00f3 que el proyecto \u201cest\u00e1 fundado en tres ejes, posibilita que el gobierno entrante cuente con la mayor cantidad de informaci\u00f3n posible; que el gobierno saliente cumpla con el deber de informar y de manera p\u00fablica ya que la ley establece la obligaci\u00f3n de realizar un informe que despu\u00e9s se publica; y tambi\u00e9n recoge un criterio de responsabilidad fiscal por el cual se le limita al gobierno saliente hacer designaciones o recategorizaciones de personal con algunas excepciones que est\u00e1n fundadas, como en cargos obtenidos por concurso y las designaciones que se hicieron en el marco de paritarias\u201d.<\/p>\n\n\n\n<p>dem\u00e1s, explic\u00f3 que \u201cse establece una comisi\u00f3n de transici\u00f3n que se designa en los primeros d\u00edas posteriores a las elecciones\u201d.<\/p>\n\n\n\n<p><br>Asimismo, hizo referencia las modificaciones realizadas al proyecto por parte de los senadores, principalmente en la redacci\u00f3n de algunos art\u00edculos para hacerlos m\u00e1s claros y elimina la petici\u00f3n de claves inform\u00e1ticas por parte del gobierno saliente. Adem\u00e1s, se elimina la regulaci\u00f3n de sanciones pol\u00edticas y se establecen sanciones disciplinarias en caso de incumplimiento de la ley.<\/p>\n\n\n\n<p>Por su parte, el senador Juan Cosso (Villaguay \u2013 Frente M\u00e1s Para Entre R\u00edos) habl\u00f3 en representaci\u00f3n del bloque opositor para agradecer \u201cque se hayan recibido por parte de la Presidencia y por parte del Bloque Oficialista algunas modificaciones que hemos decidido introducir\u201d y se refiri\u00f3 a la relevancia del proyecto: \u201cViene a traer transparencia y a complementar todo lo que tiene que ver con lo que ya son los \u00f3rganos de control ya existentes y que tienen su funcionamiento legal, pero que a veces los resultados no se ven inmediatamente cuando hay un cambio de gobierno.<br>\u201cEl \u00fanico antecedente que existe en la provincia es el de la municipalidad de Paran\u00e1 que fue base para lo que fue el proyecto que vino del Ejecutivo y es importante que este proyecto de ley invite al resto de los gobiernos locales a adherir a este r\u00e9gimen\u201d, agreg\u00f3.<\/p>\n\n\n\n<p>Subsidio a la tarifa el\u00e9ctrica de Universidades<\/p>\n\n\n\n<p>En el recinto, los senadores dieron tratamiento al proyecto de ley, de autor\u00eda del senador Mart\u00edn Oliva (Uruguay- Frente M\u00e1s para Entre R\u00edos) y sus pares del bloque, que dispone el otorgamiento de un subsidio a la tarifa el\u00e9ctrica del 50% (cincuenta por ciento) a favor de las Universidades P\u00fablicas con asiento en la provincia de Entre R\u00edos hasta el 31 de diciembre de 2024.<\/p>\n\n\n\n<p>El presidente de bloque pidi\u00f3 la palabra y fundament\u00f3: \u201cEstamos aprobando este dictamen, espero que lo podamos hacer entre todos, lo que estamos haciendo es no solamente mostrar el pormenorizado an\u00e1lisis que hicieron nuestros colaboradores de lo que significa reducir la tarifa de luz como est\u00e1 en el dictamen, sino que no es solamente plata, es una reducci\u00f3n en lo que tiene que pagar cada facultad, en este caso no hablamos de la UADER porque la UADER tiene un 100% de cobertura con la provincia, sino hablamos de 12 instituciones, 9 facultades de la UNER y 3 UTN. Lo que estamos haciendo es, a los gastos fijos que tienen ellos, reducirles un poco para que, entre otras cosas, les quede para becar, para investigar\u201d.<\/p>\n\n\n\n<p>En otro tramo de su alocuci\u00f3n, el senador manifest\u00f3: \u201cNo estamos solamente votando un n\u00famero econ\u00f3mico, estamos cuidando a j\u00f3venes, hombres y mujeres de nuestra provincia, que quiz\u00e1s por primera vez en su familia tienen un t\u00edtulo universitario. Eso, ojal\u00e1, lo hagamos desde ac\u00e1, todos juntos, porque es un trabajo de todos\u201d.<\/p>\n\n\n\n<p>En tanto, el senador Alberto Otaegui (Gualeguay- Juntos por Entre R\u00edos) expres\u00f3 el \u201cprofundo compromiso\u201d de su bloque \u201ccon la educaci\u00f3n p\u00fablica en general y con las universidades p\u00fablicas en particular\u201d.<\/p>\n\n\n\n<p>En esta l\u00ednea, el legislador manifest\u00f3: \u201cEs a trav\u00e9s de la educaci\u00f3n que podemos construir un futuro de igualdad y prosperidad para nuestro pa\u00eds. Y las universidades que funcionan en nuestra provincia han sido hist\u00f3ricamente un faro para lograr estos objetivos. Vemos que el fortalecimiento de la educaci\u00f3n p\u00fablica es uno de los ejes fundamentales para la recuperaci\u00f3n de nuestro pa\u00eds. Y es la manera que tenemos como Estado de llegar con las herramientas que se necesitan para la prosperidad de todos los argentinos y no de unos pocos\u201d.<\/p>\n\n\n\n<p>Y a\u00f1adi\u00f3: \u201cDespu\u00e9s de escuchar a los rectores de las universidades provinciales explic\u00e1ndolos la problem\u00e1tica que tienen actualmente con los costos de funcionamiento, vamos a acompa\u00f1ar este proyecto para que el gobierno provincial le otorgue un subsidio del 50% a la tarifa el\u00e9ctrica de las universidades p\u00fablicas\u201d.<\/p>\n\n\n\n<figure class=\"wp-block-embed is-type-video is-provider-youtube wp-block-embed-youtube wp-embed-aspect-4-3 wp-has-aspect-ratio\"><div class=\"wp-block-embed__wrapper\">\n<iframe loading=\"lazy\" title=\"8va Sesi\u00f3n Ordinaria del 145\u00ba Per\u00edodo Legislativo\" width=\"640\" height=\"480\" src=\"https:\/\/www.youtube.com\/embed\/kJHKS3JBVPU?feature=oembed\" frameborder=\"0\" allow=\"accelerometer; autoplay; clipboard-write; encrypted-media; gyroscope; picture-in-picture; web-share\" referrerpolicy=\"strict-origin-when-cross-origin\" allowfullscreen><\/iframe>\n<\/div><\/figure>\n","protected":false},"excerpt":{"rendered":"<p>La Honorable C&aacute;mara de Senadores de Entre R&iacute;os realiz&oacute; este martes la octava Sesi&oacute;n Ordinaria correspondiente al 145&ordm; Per&iacute;odo Legislativo. Fue presidida por el vicepresidente primero Rafael Cavagna (Nogoy&aacute;- Juntos por Entre R&iacute;os), en reemplazo de la vicegobernadora y presidente del Senado, Alicia Aluani, quien se encuentra a cargo del Ejecutivo provincial. Al respecto, el [&hellip;]<\/p>\n","protected":false},"author":2,"featured_media":2357,"comment_status":"open","ping_status":"open","sticky":false,"template":"","format":"standard","meta":{"footnotes":""},"categories":[6,176],"tags":[],"class_list":["post-2356","post","type-post","status-publish","format-standard","has-post-thumbnail","hentry","category-locales","category-politica"],"_links":{"self":[{"href":"https:\/\/partediario.com.ar\/index.php?rest_route=\/wp\/v2\/posts\/2356","targetHints":{"allow":["GET"]}}],"collection":[{"href":"https:\/\/partediario.com.ar\/index.php?rest_route=\/wp\/v2\/posts"}],"about":[{"href":"https:\/\/partediario.com.ar\/index.php?rest_route=\/wp\/v2\/types\/post"}],"author":[{"embeddable":true,"href":"https:\/\/partediario.com.ar\/index.php?rest_route=\/wp\/v2\/users\/2"}],"replies":[{"embeddable":true,"href":"https:\/\/partediario.com.ar\/index.php?rest_route=%2Fwp%2Fv2%2Fcomments&post=2356"}],"version-history":[{"count":3,"href":"https:\/\/partediario.com.ar\/index.php?rest_route=\/wp\/v2\/posts\/2356\/revisions"}],"predecessor-version":[{"id":2361,"href":"https:\/\/partediario.com.ar\/index.php?rest_route=\/wp\/v2\/posts\/2356\/revisions\/2361"}],"wp:featuredmedia":[{"embeddable":true,"href":"https:\/\/partediario.com.ar\/index.php?rest_route=\/wp\/v2\/media\/2357"}],"wp:attachment":[{"href":"https:\/\/partediario.com.ar\/index.php?rest_route=%2Fwp%2Fv2%2Fmedia&parent=2356"}],"wp:term":[{"taxonomy":"category","embeddable":true,"href":"https:\/\/partediario.com.ar\/index.php?rest_route=%2Fwp%2Fv2%2Fcategories&post=2356"},{"taxonomy":"post_tag","embeddable":true,"href":"https:\/\/partediario.com.ar\/index.php?rest_route=%2Fwp%2Fv2%2Ftags&post=2356"}],"curies":[{"name":"wp","href":"https:\/\/api.w.org\/{rel}","templated":true}]}}