{"id":2363,"date":"2024-06-12T12:01:16","date_gmt":"2024-06-12T12:01:16","guid":{"rendered":"https:\/\/partediario.com.ar\/?p=2363"},"modified":"2024-06-12T12:01:16","modified_gmt":"2024-06-12T12:01:16","slug":"tiempo-en-entre-rios-el-insolito-clima-de-verano-continuara-este-miercoles-en-la-provincia","status":"publish","type":"post","link":"https:\/\/partediario.com.ar\/?p=2363","title":{"rendered":"Tiempo en Entre R\u00edos: el ins\u00f3lito clima de verano continuar\u00e1 este mi\u00e9rcoles en la provincia"},"content":{"rendered":"\n<p><strong>El calor y la humedad se har\u00e1n presentes durante con m\u00e1s fuerza en la regi\u00f3n durante el d\u00eda de hoy. El \u00abveranito de San Juan\u00bb se extender\u00e1 por algunas jornadas m\u00e1s. Para el viernes podr\u00edan producirse algunas inestabilidades.<\/strong><\/p>\n\n\n\n<p>Desde el inicio de junio, la caracter\u00edstica principal del clima en la regi\u00f3n y en Entre R\u00edos, ha sido la elevada temperatura. A excepci\u00f3n de los primeros tres d\u00edas del mes, que continuaron con la tendencia de mayo, el resto del tiempo ha registrado valores muy superiores a los promedios para esta \u00e9poca del a\u00f1o.<\/p>\n\n\n\n<p>Esta tendencia se mantiene, y en los pr\u00f3ximos d\u00edas, los registros t\u00e9rmicos ser\u00e1n elevados para la \u00e9poca del a\u00f1o, con temperaturas que estar\u00e1n cerca de los 30 grados en Entre R\u00edos y llegar\u00edan a los 35 \u00baC en la franja norte del pa\u00eds.<\/p>\n\n\n\n<p>Durante la presente jornada el viento del norte generar\u00e1 aire m\u00e1s c\u00e1lido proveniente de la regi\u00f3n sur de Brasil, provocando el aumento de la temperatura que alcanzar\u00eda al menos los 28 grados cent\u00edgrados en Entre R\u00edos.<\/p>\n\n\n\n<p>Por ahora no se pronostican inestabilidades y para el jueves se anuncia el d\u00eda m\u00e1s \u201ccaluroso\u201d de este veranito de San Juan, con temperaturas que alcanzar\u00e1n a la tarde unos 29 grados en nuestra provincia.<\/p>\n\n\n\n<p>La presencia del viento del sector norte, que aportar\u00e1 condiciones c\u00e1lidas con elevada humedad en la zona central del pa\u00eds, provocar\u00e1 la presencia de neblina y bancos de niebla durante las ma\u00f1anas del mi\u00e9rcoles y jueves.<\/p>\n\n\n\n<p>Con el correr de los d\u00edas un d\u00e9bil sistema frontal fr\u00edo avanzar\u00e1 por la porci\u00f3n central del pa\u00eds. Entre el viernes y s\u00e1bado se registrar\u00edan algunas tormentas aisladas sobre la zona del Litoral y el noreste de Argentina, con eventos de moderada intensidad a nivel general y fuertes de manera puntual y aislada, se\u00f1al\u00f3 el meteor\u00f3logo, Leonardo De Benedictis en Meteored.<\/p>\n\n\n\n<p>En Entre R\u00edos, las precipitaciones podr\u00edan producirse el viernes y har\u00edan descender las temperaturas con m\u00ednimas que empezar\u00edan a rondar los 10 grados y m\u00e1ximas en torno a los 20 grados.<\/p>\n","protected":false},"excerpt":{"rendered":"<p>El calor y la humedad se har&aacute;n presentes durante con m&aacute;s fuerza en la regi&oacute;n durante el d&iacute;a de hoy. El &laquo;veranito de San Juan&raquo; se extender&aacute; por algunas jornadas m&aacute;s. Para el viernes podr&iacute;an producirse algunas inestabilidades. Desde el inicio de junio, la caracter&iacute;stica principal del clima en la regi&oacute;n y en Entre R&iacute;os, [&hellip;]<\/p>\n","protected":false},"author":2,"featured_media":2364,"comment_status":"open","ping_status":"open","sticky":false,"template":"","format":"standard","meta":{"footnotes":""},"categories":[6],"tags":[],"class_list":["post-2363","post","type-post","status-publish","format-standard","has-post-thumbnail","hentry","category-locales"],"_links":{"self":[{"href":"https:\/\/partediario.com.ar\/index.php?rest_route=\/wp\/v2\/posts\/2363","targetHints":{"allow":["GET"]}}],"collection":[{"href":"https:\/\/partediario.com.ar\/index.php?rest_route=\/wp\/v2\/posts"}],"about":[{"href":"https:\/\/partediario.com.ar\/index.php?rest_route=\/wp\/v2\/types\/post"}],"author":[{"embeddable":true,"href":"https:\/\/partediario.com.ar\/index.php?rest_route=\/wp\/v2\/users\/2"}],"replies":[{"embeddable":true,"href":"https:\/\/partediario.com.ar\/index.php?rest_route=%2Fwp%2Fv2%2Fcomments&post=2363"}],"version-history":[{"count":1,"href":"https:\/\/partediario.com.ar\/index.php?rest_route=\/wp\/v2\/posts\/2363\/revisions"}],"predecessor-version":[{"id":2365,"href":"https:\/\/partediario.com.ar\/index.php?rest_route=\/wp\/v2\/posts\/2363\/revisions\/2365"}],"wp:featuredmedia":[{"embeddable":true,"href":"https:\/\/partediario.com.ar\/index.php?rest_route=\/wp\/v2\/media\/2364"}],"wp:attachment":[{"href":"https:\/\/partediario.com.ar\/index.php?rest_route=%2Fwp%2Fv2%2Fmedia&parent=2363"}],"wp:term":[{"taxonomy":"category","embeddable":true,"href":"https:\/\/partediario.com.ar\/index.php?rest_route=%2Fwp%2Fv2%2Fcategories&post=2363"},{"taxonomy":"post_tag","embeddable":true,"href":"https:\/\/partediario.com.ar\/index.php?rest_route=%2Fwp%2Fv2%2Ftags&post=2363"}],"curies":[{"name":"wp","href":"https:\/\/api.w.org\/{rel}","templated":true}]}}