{"id":2366,"date":"2024-06-12T12:16:25","date_gmt":"2024-06-12T12:16:25","guid":{"rendered":"https:\/\/partediario.com.ar\/?p=2366"},"modified":"2024-06-12T12:16:25","modified_gmt":"2024-06-12T12:16:25","slug":"estudiante-en-estado-critico-tras-protagonizar-un-accidente-en-una-clase-de-educacion-fisica","status":"publish","type":"post","link":"https:\/\/partediario.com.ar\/?p=2366","title":{"rendered":"Estudiante en estado cr\u00edtico tras protagonizar un accidente en una clase de educaci\u00f3n f\u00edsica"},"content":{"rendered":"\n<p><strong>En la tarde del martes se produjo un accidente en una clase de gimnasia que se llevaba a cabo en el Cors\u00f3dromo de Gualeguaych\u00fa. Un adolescente de 13 a\u00f1os est\u00e1 internado en Terapia Intensiva del Hospital Centenario.<\/strong><\/p>\n\n\n\n<p>Un adolescente de 13 a\u00f1os sufri\u00f3 un golpe en su cabeza mientras practicaba lanzamiento de bala en una clase de educaci\u00f3n f\u00edsica durante una prueba de atletismo y su pron\u00f3stico es reservado. El accidente sucedi\u00f3 el martes a la tarde en el Cors\u00f3dromo de Gualeguaych\u00fa.<\/p>\n\n\n\n<p>Tras el incidente, el estudiante regres\u00f3 a su vivienda pero comenz\u00f3 a sentirse mal, y la situaci\u00f3n se agrav\u00f3, tras contarle a su familia lo ocurrido, lo trasladaron al Hospital Centenario.<\/p>\n\n\n\n<p>Luego de evaluar su estado, los m\u00e9dicos detectaron un hematoma craneal producto del golpe con la bala, por lo que debieron intervenirlo quir\u00fargicamente de urgencia.<\/p>\n\n\n\n<p>Indicaron adem\u00e1s que en esta etapa, no es conveniente el traslado a un centro de mayor complejidad.<\/p>\n","protected":false},"excerpt":{"rendered":"<p>En la tarde del martes se produjo un accidente en una clase de gimnasia que se llevaba a cabo en el Cors&oacute;dromo de Gualeguaych&uacute;. Un adolescente de 13 a&ntilde;os est&aacute; internado en Terapia Intensiva del Hospital Centenario. Un adolescente de 13 a&ntilde;os sufri&oacute; un golpe en su cabeza mientras practicaba lanzamiento de bala en una [&hellip;]<\/p>\n","protected":false},"author":2,"featured_media":2367,"comment_status":"open","ping_status":"open","sticky":false,"template":"","format":"standard","meta":{"footnotes":""},"categories":[7,8],"tags":[],"class_list":["post-2366","post","type-post","status-publish","format-standard","has-post-thumbnail","hentry","category-policiales","category-provinciales"],"_links":{"self":[{"href":"https:\/\/partediario.com.ar\/index.php?rest_route=\/wp\/v2\/posts\/2366","targetHints":{"allow":["GET"]}}],"collection":[{"href":"https:\/\/partediario.com.ar\/index.php?rest_route=\/wp\/v2\/posts"}],"about":[{"href":"https:\/\/partediario.com.ar\/index.php?rest_route=\/wp\/v2\/types\/post"}],"author":[{"embeddable":true,"href":"https:\/\/partediario.com.ar\/index.php?rest_route=\/wp\/v2\/users\/2"}],"replies":[{"embeddable":true,"href":"https:\/\/partediario.com.ar\/index.php?rest_route=%2Fwp%2Fv2%2Fcomments&post=2366"}],"version-history":[{"count":1,"href":"https:\/\/partediario.com.ar\/index.php?rest_route=\/wp\/v2\/posts\/2366\/revisions"}],"predecessor-version":[{"id":2368,"href":"https:\/\/partediario.com.ar\/index.php?rest_route=\/wp\/v2\/posts\/2366\/revisions\/2368"}],"wp:featuredmedia":[{"embeddable":true,"href":"https:\/\/partediario.com.ar\/index.php?rest_route=\/wp\/v2\/media\/2367"}],"wp:attachment":[{"href":"https:\/\/partediario.com.ar\/index.php?rest_route=%2Fwp%2Fv2%2Fmedia&parent=2366"}],"wp:term":[{"taxonomy":"category","embeddable":true,"href":"https:\/\/partediario.com.ar\/index.php?rest_route=%2Fwp%2Fv2%2Fcategories&post=2366"},{"taxonomy":"post_tag","embeddable":true,"href":"https:\/\/partediario.com.ar\/index.php?rest_route=%2Fwp%2Fv2%2Ftags&post=2366"}],"curies":[{"name":"wp","href":"https:\/\/api.w.org\/{rel}","templated":true}]}}