{"id":2369,"date":"2024-06-12T12:28:33","date_gmt":"2024-06-12T12:28:33","guid":{"rendered":"https:\/\/partediario.com.ar\/?p=2369"},"modified":"2024-06-12T12:28:33","modified_gmt":"2024-06-12T12:28:33","slug":"la-municipalidad-de-gualeguaychu-entregara-bolsones-de-mercaderia-a-merenderos-coordinados-por-el-movimiento-teresa-rodriguez","status":"publish","type":"post","link":"https:\/\/partediario.com.ar\/?p=2369","title":{"rendered":"La Municipalidad de Gualeguaych\u00fa entregar\u00e1 bolsones de mercader\u00eda a merenderos coordinados por el Movimiento Teresa Rodr\u00edguez"},"content":{"rendered":"\n<h3 class=\"wp-block-heading\">Tras la reuni\u00f3n que mantuvo el Secretario de Desarrollo Humano Juan Ignacio Olano con integrantes del Movimiento Teresa Rodr\u00edguez, se decidi\u00f3 que el municipio no pagar\u00e1 un cami\u00f3n para buscar mercader\u00eda donada en la Matanza, sino que aportar\u00e1 alimentos para el funcionamiento de los merenderos.<\/h3>\n\n\n\n<p>La mercader\u00eda se obtuvo tras una donaci\u00f3n al movimiento y permanece actualmente en La Matanza, desde donde la organizaci\u00f3n abastec\u00eda a comedores y merenderos de Gualeguaych\u00fa, sin embargo, ante la imposibilidad de conseguir un medio de transporte para trasladarla, no llega a la ciudad desde el mes de noviembre pasado, precis\u00f3 Parga. Debido a esta situaci\u00f3n, se reunieron con el funcionario municipal Ignacio Olano, secretario de Desarrollo Humano.<\/p>\n\n\n\n<p>\u201cHemos tenido buena respuesta, quiz\u00e1s no nos dio el cami\u00f3n, pero se va a encargar de visitarnos y se comprometi\u00f3 a llevarnos los alimentos para las ollas populares. Solucionaremos como podamos la forma de traer esa mercader\u00eda porque tambi\u00e9n hace falta\u201d, indic\u00f3.<\/p>\n\n\n\n<p>Y a\u00f1adi\u00f3 que el funcionamiento de los merenderos, hasta el momento es restringido, por la falta de mercader\u00eda y tuvo que reducirse a brindar atenci\u00f3n una vez al mes o cada quince d\u00edas.<\/p>\n\n\n\n<p>La referente manifest\u00f3 en declaraciones radiales, que la entrega de los alimentos que reciban los comedores ser\u00e1 coordinada por sus propios encargados, en conjunto con los funcionarios de la Secretar\u00eda municipal. \u201cEllos nos van a ayudar y me parece perfecto\u201d, concluy\u00f3.<\/p>\n","protected":false},"excerpt":{"rendered":"<p>Tras la reuni&oacute;n que mantuvo el Secretario de Desarrollo Humano Juan Ignacio Olano con integrantes del Movimiento Teresa Rodr&iacute;guez, se decidi&oacute; que el municipio no pagar&aacute; un cami&oacute;n para buscar mercader&iacute;a donada en la Matanza, sino que aportar&aacute; alimentos para el funcionamiento de los merenderos. La mercader&iacute;a se obtuvo tras una donaci&oacute;n al movimiento y [&hellip;]<\/p>\n","protected":false},"author":2,"featured_media":2370,"comment_status":"open","ping_status":"open","sticky":false,"template":"","format":"standard","meta":{"footnotes":""},"categories":[8],"tags":[203,206],"class_list":["post-2369","post","type-post","status-publish","format-standard","has-post-thumbnail","hentry","category-provinciales","tag-gualeguaychu","tag-teresa"],"_links":{"self":[{"href":"https:\/\/partediario.com.ar\/index.php?rest_route=\/wp\/v2\/posts\/2369","targetHints":{"allow":["GET"]}}],"collection":[{"href":"https:\/\/partediario.com.ar\/index.php?rest_route=\/wp\/v2\/posts"}],"about":[{"href":"https:\/\/partediario.com.ar\/index.php?rest_route=\/wp\/v2\/types\/post"}],"author":[{"embeddable":true,"href":"https:\/\/partediario.com.ar\/index.php?rest_route=\/wp\/v2\/users\/2"}],"replies":[{"embeddable":true,"href":"https:\/\/partediario.com.ar\/index.php?rest_route=%2Fwp%2Fv2%2Fcomments&post=2369"}],"version-history":[{"count":1,"href":"https:\/\/partediario.com.ar\/index.php?rest_route=\/wp\/v2\/posts\/2369\/revisions"}],"predecessor-version":[{"id":2371,"href":"https:\/\/partediario.com.ar\/index.php?rest_route=\/wp\/v2\/posts\/2369\/revisions\/2371"}],"wp:featuredmedia":[{"embeddable":true,"href":"https:\/\/partediario.com.ar\/index.php?rest_route=\/wp\/v2\/media\/2370"}],"wp:attachment":[{"href":"https:\/\/partediario.com.ar\/index.php?rest_route=%2Fwp%2Fv2%2Fmedia&parent=2369"}],"wp:term":[{"taxonomy":"category","embeddable":true,"href":"https:\/\/partediario.com.ar\/index.php?rest_route=%2Fwp%2Fv2%2Fcategories&post=2369"},{"taxonomy":"post_tag","embeddable":true,"href":"https:\/\/partediario.com.ar\/index.php?rest_route=%2Fwp%2Fv2%2Ftags&post=2369"}],"curies":[{"name":"wp","href":"https:\/\/api.w.org\/{rel}","templated":true}]}}