{"id":2375,"date":"2024-06-12T13:02:20","date_gmt":"2024-06-12T13:02:20","guid":{"rendered":"https:\/\/partediario.com.ar\/?p=2375"},"modified":"2024-06-12T13:02:20","modified_gmt":"2024-06-12T13:02:20","slug":"comienza-un-ciclo-de-festivales-por-los-barrios-en-el-marco-de-los-festejos-por-el-mes-de-la-ciudad","status":"publish","type":"post","link":"https:\/\/partediario.com.ar\/?p=2375","title":{"rendered":"Comienza un ciclo de festivales por los barrios en el marco de los festejos por el mes de la ciudad"},"content":{"rendered":"\n<p><strong>El objetivo de la Municipalidad es descentralizar los festejos por los 211 a\u00f1os de la elevaci\u00f3n a Villa de Paran\u00e1.<\/strong><\/p>\n\n\n\n<p>Este s\u00e1bado 15 de junio se realizar\u00e1 el Festival Bajada, en los miradores de Bajada Grande. A partir de las 10 habr\u00e1 m\u00fasica, gastronom\u00eda y feria, para toda la familia y con acceso libre y gratuito.<\/p>\n\n\n\n<figure class=\"wp-block-image size-full\"><img loading=\"lazy\" decoding=\"async\" width=\"760\" height=\"427\" src=\"https:\/\/partediario.com.ar\/wp-content\/uploads\/2024\/06\/fe4b495e2d6612b4527d96098f8564d2.jpg\" alt=\"\" class=\"wp-image-2376\" srcset=\"https:\/\/partediario.com.ar\/wp-content\/uploads\/2024\/06\/fe4b495e2d6612b4527d96098f8564d2.jpg 760w, https:\/\/partediario.com.ar\/wp-content\/uploads\/2024\/06\/fe4b495e2d6612b4527d96098f8564d2-300x169.jpg 300w\" sizes=\"auto, (max-width: 760px) 100vw, 760px\" \/><\/figure>\n\n\n\n<p>Se presentar\u00e1n Agustina Uguet, Iligue Quiroga, Sofi Drei, Mariano Mart\u00ednez y su conjunto, y Baila La Negra. Adem\u00e1s, habr\u00e1 oferta de comidas, emprendedores del barrio y n\u00fameros art\u00edsticos como el Ballet de adultos mayores de Bajada Grande y el grupo de zumba a cargo de Exe Aranda.<\/p>\n\n\n\n<p>Los festivales descentralizados buscan propiciar el encuentro entre vecinos, promoviendo expresiones art\u00edsticas, gastron\u00f3micas y artesanales que los identifiquen. Para lograrlo, se realiza un trabajo colaborativo con instituciones, organizaciones sociales, colectivos locales y comisiones vecinales.<\/p>\n\n\n\n<p>*M\u00e1s info sobre la agenda de festejos, Paran\u00e1 Ciudad de Historias, <a href=\"http:\/\/en www.parana.gob.ar\">en www.parana.gob.ar<\/a><\/p>\n","protected":false},"excerpt":{"rendered":"<p>El objetivo de la Municipalidad es descentralizar los festejos por los 211 a&ntilde;os de la elevaci&oacute;n a Villa de Paran&aacute;. Este s&aacute;bado 15 de junio se realizar&aacute; el Festival Bajada, en los miradores de Bajada Grande. A partir de las 10 habr&aacute; m&uacute;sica, gastronom&iacute;a y feria, para toda la familia y con acceso libre y [&hellip;]<\/p>\n","protected":false},"author":2,"featured_media":2377,"comment_status":"open","ping_status":"open","sticky":false,"template":"","format":"standard","meta":{"footnotes":""},"categories":[6],"tags":[],"class_list":["post-2375","post","type-post","status-publish","format-standard","has-post-thumbnail","hentry","category-locales"],"_links":{"self":[{"href":"https:\/\/partediario.com.ar\/index.php?rest_route=\/wp\/v2\/posts\/2375","targetHints":{"allow":["GET"]}}],"collection":[{"href":"https:\/\/partediario.com.ar\/index.php?rest_route=\/wp\/v2\/posts"}],"about":[{"href":"https:\/\/partediario.com.ar\/index.php?rest_route=\/wp\/v2\/types\/post"}],"author":[{"embeddable":true,"href":"https:\/\/partediario.com.ar\/index.php?rest_route=\/wp\/v2\/users\/2"}],"replies":[{"embeddable":true,"href":"https:\/\/partediario.com.ar\/index.php?rest_route=%2Fwp%2Fv2%2Fcomments&post=2375"}],"version-history":[{"count":1,"href":"https:\/\/partediario.com.ar\/index.php?rest_route=\/wp\/v2\/posts\/2375\/revisions"}],"predecessor-version":[{"id":2378,"href":"https:\/\/partediario.com.ar\/index.php?rest_route=\/wp\/v2\/posts\/2375\/revisions\/2378"}],"wp:featuredmedia":[{"embeddable":true,"href":"https:\/\/partediario.com.ar\/index.php?rest_route=\/wp\/v2\/media\/2377"}],"wp:attachment":[{"href":"https:\/\/partediario.com.ar\/index.php?rest_route=%2Fwp%2Fv2%2Fmedia&parent=2375"}],"wp:term":[{"taxonomy":"category","embeddable":true,"href":"https:\/\/partediario.com.ar\/index.php?rest_route=%2Fwp%2Fv2%2Fcategories&post=2375"},{"taxonomy":"post_tag","embeddable":true,"href":"https:\/\/partediario.com.ar\/index.php?rest_route=%2Fwp%2Fv2%2Ftags&post=2375"}],"curies":[{"name":"wp","href":"https:\/\/api.w.org\/{rel}","templated":true}]}}