{"id":2392,"date":"2024-06-12T13:33:27","date_gmt":"2024-06-12T13:33:27","guid":{"rendered":"https:\/\/partediario.com.ar\/?p=2392"},"modified":"2024-06-12T13:33:27","modified_gmt":"2024-06-12T13:33:27","slug":"roncaglia-paso-a-disponibilidad-a-la-cupula-de-la-policia-de-concepcion-del-uruguay-por-el-faltante-de-casi-64-millones-de-pesos","status":"publish","type":"post","link":"https:\/\/partediario.com.ar\/?p=2392","title":{"rendered":"Roncaglia pas\u00f3 a disponibilidad a la c\u00fapula de la Polic\u00eda de Concepci\u00f3n del Uruguay por el faltante de casi 6,4 millones de pesos"},"content":{"rendered":"\n<h3 class=\"wp-block-heading\">El ministro de Seguridad y Justicia, N\u00e9stor Roncaglia, dispuso el pase a disponibilidad del Jefe Departamental y adem\u00e1s se present\u00f3 una denuncia judicial por la faltante de casi 6,5 millones de pesos.<\/h3>\n\n\n\n<p>En medios de la provincia de Entre R\u00edos, circularon versiones sobre supuestas irregularidades que se habr\u00edan cometido en la administraci\u00f3n del C\u00edrculo y Casino de la Jefatura Departamental de Concepci\u00f3n del Uruguay.<\/p>\n\n\n\n<p>Ante esta situaci\u00f3n, el ministro de Seguridad y Justicia, N\u00e9stor Roncaglia, dispuso que inmediatamente un equipo de control de gesti\u00f3n se traslade a Concepci\u00f3n del Uruguay y proceda conforme disposiciones administrativas a inspeccionar la documentaci\u00f3n obrante en la dependencia mencionada, seg\u00fan constat\u00f3 <strong>Parte Diario<\/strong>.<\/p>\n\n\n\n<p>En este contexto, el director general de control de la Integridad Profesional del Ministerio de Seguridad y Justicia, Ra\u00fal Avero, junto a la directora de Asuntos Internos de la Polic\u00eda de Entre R\u00edos, Miriam Alejandra Cabello del Campo, el director de Operaciones, Ra\u00fal Menescardi y el comisario inspector, Ramiro Franck, se trasladaron inmediatamente a la Jefatura Departamental Uruguay.<\/p>\n\n\n\n<p>Una vez llevadas a cabo las entrevistas pertinentes con el jefe departamental, Ra\u00fal Albornoz y la subjefa, Etelvina Raquel Piccini y de un an\u00e1lisis a priori de la documentaci\u00f3n y arqueo de caja del Casino y C\u00edrculo Policial y el acta de entrega del Casino de Oficiales y Comisi\u00f3n C\u00edrculo Policial Personal de esta Jefatura Departamental, surge que efectivamente habr\u00eda un faltante de dinero por la suma aproximada de 6.391.411 pesos.<\/p>\n\n\n\n<p>Ante estos hechos, dispuso -en concordancia con el Jefe de Polic\u00eda de la Provincia de Entre R\u00edos, comisario general Claudio Gonz\u00e1lez- que se radique la correspondiente denuncia judicial, la cual fue efectivizada por la directora de Asuntos Internos Crio. Gral. Miriam Alejandra Cabello del Campo, ante la fiscal\u00eda a cargo del Dr. Javier Lombardi, del departamento judicial de esa localidad.<\/p>\n\n\n\n<p>Adem\u00e1s se iniciaron actuaciones administrativas internas, a la vez que el jefe de Polic\u00eda de Entre R\u00edos, Lic. Claudio Gonz\u00e1lez, dispuso el pase a disponibilidad del jefe departamental y en los pr\u00f3ximos d\u00edas, se producir\u00e1n cambios en la Jefatura Departamental. Mientras tanto y hasta que el gobernador firme el decreto pertinente, se hace cargo de la misma el director de Operaciones, Ra\u00fal Menescardi.<\/p>\n\n\n\n<p>\u201cEl temperamento adoptado tiene por objeto clarificar los hechos denunciados y dejar bien en claro que, toda gesti\u00f3n debe estar impregnada de transparencia, decencia y que desde \u00e9ste Ministerio no se van a permitir conductas que puedan estar re\u00f1idas con las buenas pr\u00e1cticas en los actos, la \u00e9tica y la moral\u201d, manifestaron desde el Ministerio.<\/p>\n","protected":false},"excerpt":{"rendered":"<p>El ministro de Seguridad y Justicia, N&eacute;stor Roncaglia, dispuso el pase a disponibilidad del Jefe Departamental y adem&aacute;s se present&oacute; una denuncia judicial por la faltante de casi 6,5 millones de pesos. En medios de la provincia de Entre R&iacute;os, circularon versiones sobre supuestas irregularidades que se habr&iacute;an cometido en la administraci&oacute;n del C&iacute;rculo y [&hellip;]<\/p>\n","protected":false},"author":2,"featured_media":2393,"comment_status":"open","ping_status":"open","sticky":false,"template":"","format":"standard","meta":{"footnotes":""},"categories":[7,8],"tags":[218,214,213,217,216],"class_list":["post-2392","post","type-post","status-publish","format-standard","has-post-thumbnail","hentry","category-policiales","category-provinciales","tag-claudio-gonzalez","tag-concepcion-del-uruguay","tag-nestor-roncaglia","tag-ramiro-frank","tag-raul-menescardi"],"_links":{"self":[{"href":"https:\/\/partediario.com.ar\/index.php?rest_route=\/wp\/v2\/posts\/2392","targetHints":{"allow":["GET"]}}],"collection":[{"href":"https:\/\/partediario.com.ar\/index.php?rest_route=\/wp\/v2\/posts"}],"about":[{"href":"https:\/\/partediario.com.ar\/index.php?rest_route=\/wp\/v2\/types\/post"}],"author":[{"embeddable":true,"href":"https:\/\/partediario.com.ar\/index.php?rest_route=\/wp\/v2\/users\/2"}],"replies":[{"embeddable":true,"href":"https:\/\/partediario.com.ar\/index.php?rest_route=%2Fwp%2Fv2%2Fcomments&post=2392"}],"version-history":[{"count":1,"href":"https:\/\/partediario.com.ar\/index.php?rest_route=\/wp\/v2\/posts\/2392\/revisions"}],"predecessor-version":[{"id":2394,"href":"https:\/\/partediario.com.ar\/index.php?rest_route=\/wp\/v2\/posts\/2392\/revisions\/2394"}],"wp:featuredmedia":[{"embeddable":true,"href":"https:\/\/partediario.com.ar\/index.php?rest_route=\/wp\/v2\/media\/2393"}],"wp:attachment":[{"href":"https:\/\/partediario.com.ar\/index.php?rest_route=%2Fwp%2Fv2%2Fmedia&parent=2392"}],"wp:term":[{"taxonomy":"category","embeddable":true,"href":"https:\/\/partediario.com.ar\/index.php?rest_route=%2Fwp%2Fv2%2Fcategories&post=2392"},{"taxonomy":"post_tag","embeddable":true,"href":"https:\/\/partediario.com.ar\/index.php?rest_route=%2Fwp%2Fv2%2Ftags&post=2392"}],"curies":[{"name":"wp","href":"https:\/\/api.w.org\/{rel}","templated":true}]}}