{"id":2395,"date":"2024-06-12T13:49:50","date_gmt":"2024-06-12T13:49:50","guid":{"rendered":"https:\/\/partediario.com.ar\/?p=2395"},"modified":"2024-06-12T13:49:50","modified_gmt":"2024-06-12T13:49:50","slug":"ate-se-concentra-este-miercoles-en-inmediaciones-del-tunel-subfluvial-en-contra-de-la-ley-bases","status":"publish","type":"post","link":"https:\/\/partediario.com.ar\/?p=2395","title":{"rendered":"ATE se concentra este mi\u00e9rcoles en inmediaciones del T\u00fanel Subfluvial en contra de la Ley Bases"},"content":{"rendered":"\n<h3 class=\"wp-block-heading\">La medida de fuerza convocada a nivel nacional por el gremio, se llevar\u00e1 cabo en la ciudad de Paran\u00e1, ser\u00e1 en las inmediaciones del T\u00fanel Subfluvial.<\/h3>\n\n\n\n<p>\u201cEsa ley viene a profundizar el ajuste ya la pobreza, pulverizar el salario de las y los trabajadores, exterminar a los sectores medios y peque\u00f1os productores, entregar nuestros recursos e ignorar todo derecho colectivo\u201d, manifestaron desde ATE.<\/p>\n\n\n\n<p>En el marco de la votaci\u00f3n de la norma impulsada por el Ejecutivo Nacional, la Asociaci\u00f3n de los Trabajadores del estado (ATE) se movilizar\u00e1 este mi\u00e9rcoles a las inmediaciones del T\u00fanel Subfluvial de Paran\u00e1. La medida de fuerza fue convocada por el gremio en todo el territorio nacional.<\/p>\n\n\n\n<p><strong>Las razones de ATE para movilizarse:<\/strong><\/p>\n\n\n\n<p>\u201cEl presidente ha dicho que viene a destruir el Estado, nosotros seguimos defendiendo un Estado presente, activo y facilitador; garante de derechos, justicia social y soberan\u00eda\u201d.<\/p>\n\n\n\n<p>\u201cDe aprobarse, esa ley viene a profundizar el ajuste ya la pobreza, pulverizar el salario de las y los trabajadores, exterminar a los sectores medios y peque\u00f1os productores, entregar nuestros recursos e ignorar todo derecho colectivo\u201d.<\/p>\n\n\n\n<p>\u201cA los senadores le decimos, \u00a1No a la Ley de Bases!\u201d.<\/p>\n","protected":false},"excerpt":{"rendered":"<p>La medida de fuerza convocada a nivel nacional por el gremio, se llevar&aacute; cabo en la ciudad de Paran&aacute;, ser&aacute; en las inmediaciones del T&uacute;nel Subfluvial. &ldquo;Esa ley viene a profundizar el ajuste ya la pobreza, pulverizar el salario de las y los trabajadores, exterminar a los sectores medios y peque&ntilde;os productores, entregar nuestros recursos [&hellip;]<\/p>\n","protected":false},"author":2,"featured_media":2396,"comment_status":"open","ping_status":"open","sticky":false,"template":"","format":"standard","meta":{"footnotes":""},"categories":[6,176],"tags":[219,223,222,221,220],"class_list":["post-2395","post","type-post","status-publish","format-standard","has-post-thumbnail","hentry","category-locales","category-politica","tag-ate","tag-ley-bases","tag-movilizacion","tag-subfluvial","tag-tunel"],"_links":{"self":[{"href":"https:\/\/partediario.com.ar\/index.php?rest_route=\/wp\/v2\/posts\/2395","targetHints":{"allow":["GET"]}}],"collection":[{"href":"https:\/\/partediario.com.ar\/index.php?rest_route=\/wp\/v2\/posts"}],"about":[{"href":"https:\/\/partediario.com.ar\/index.php?rest_route=\/wp\/v2\/types\/post"}],"author":[{"embeddable":true,"href":"https:\/\/partediario.com.ar\/index.php?rest_route=\/wp\/v2\/users\/2"}],"replies":[{"embeddable":true,"href":"https:\/\/partediario.com.ar\/index.php?rest_route=%2Fwp%2Fv2%2Fcomments&post=2395"}],"version-history":[{"count":1,"href":"https:\/\/partediario.com.ar\/index.php?rest_route=\/wp\/v2\/posts\/2395\/revisions"}],"predecessor-version":[{"id":2397,"href":"https:\/\/partediario.com.ar\/index.php?rest_route=\/wp\/v2\/posts\/2395\/revisions\/2397"}],"wp:featuredmedia":[{"embeddable":true,"href":"https:\/\/partediario.com.ar\/index.php?rest_route=\/wp\/v2\/media\/2396"}],"wp:attachment":[{"href":"https:\/\/partediario.com.ar\/index.php?rest_route=%2Fwp%2Fv2%2Fmedia&parent=2395"}],"wp:term":[{"taxonomy":"category","embeddable":true,"href":"https:\/\/partediario.com.ar\/index.php?rest_route=%2Fwp%2Fv2%2Fcategories&post=2395"},{"taxonomy":"post_tag","embeddable":true,"href":"https:\/\/partediario.com.ar\/index.php?rest_route=%2Fwp%2Fv2%2Ftags&post=2395"}],"curies":[{"name":"wp","href":"https:\/\/api.w.org\/{rel}","templated":true}]}}