{"id":2398,"date":"2024-06-12T14:23:02","date_gmt":"2024-06-12T14:23:02","guid":{"rendered":"https:\/\/partediario.com.ar\/?p=2398"},"modified":"2024-06-12T14:40:40","modified_gmt":"2024-06-12T14:40:40","slug":"el-gobierno-de-la-provincia-solicito-un-listado-de-empleados-que-adhieran-al-paro-nacional","status":"publish","type":"post","link":"https:\/\/partediario.com.ar\/?p=2398","title":{"rendered":"El Gobierno de la provincia solicit\u00f3 un listado de empleados que adhieran al paro nacional"},"content":{"rendered":"\n<p><strong>El pasado 21 de mayo la Direcci\u00f3n General de Recursos Humanos emiti\u00f3 una circular, a la que tuvo acceso PARTE DIARIO, donde indicaban la \u201cnecesidad\u201d de un listado de agentes que se sumen a paros nacionales y provinciales.<\/strong><\/p>\n\n\n\n<p>Dentro de esta disposici\u00f3n, cabr\u00eda la medida de fuerza anunciada por la CGT, CTA, ATE y Agmer para este mi\u00e9rcoles a fin de oponerse al proyecto Ley Bases que ser\u00e1 tratado en el Senado.<\/p>\n\n\n\n<p>Cabe recordar que este mi\u00e9rcoles, la CGT, la CTA, ATE y Agmer realizan paro y movilizaci\u00f3n en reclamo a la Ley Bases que se debatir\u00e1 en el Senado en b\u00fasqueda de darle la sanci\u00f3n definitiva. De acuerdo a la Circular N\u00ba2\/2024 emitida el pasado 21 de mayo por Direcci\u00f3n General de Recursos Humanos, todo aquel agente que se adhiera a estas medidas formara parte de un listado que ser\u00e1 enviado al organismo provincial.<\/p>\n\n\n\n<p><\/p>\n\n\n\n<figure class=\"wp-block-image size-full\"><img loading=\"lazy\" decoding=\"async\" width=\"436\" height=\"575\" src=\"https:\/\/partediario.com.ar\/wp-content\/uploads\/2024\/06\/apfdigital_401274_1162024_WhatsApp-Image-2024-06-11-at-14.39.01-1.jpg\" alt=\"\" class=\"wp-image-2399\" srcset=\"https:\/\/partediario.com.ar\/wp-content\/uploads\/2024\/06\/apfdigital_401274_1162024_WhatsApp-Image-2024-06-11-at-14.39.01-1.jpg 436w, https:\/\/partediario.com.ar\/wp-content\/uploads\/2024\/06\/apfdigital_401274_1162024_WhatsApp-Image-2024-06-11-at-14.39.01-1-227x300.jpg 227w\" sizes=\"auto, (max-width: 436px) 100vw, 436px\" \/><\/figure>\n\n\n\n<p>Para esta Direcci\u00f3n, que depende de la Secretaria de Trabajo y Seguridad Social ese listado es \u201cfundamental para garantizar un adecuado registro de la situaci\u00f3n laboral de los agentes\u201d, se\u00f1alaron.<\/p>\n","protected":false},"excerpt":{"rendered":"<p>El pasado 21 de mayo la Direcci&oacute;n General de Recursos Humanos emiti&oacute; una circular, a la que tuvo acceso PARTE DIARIO, donde indicaban la &ldquo;necesidad&rdquo; de un listado de agentes que se sumen a paros nacionales y provinciales. Dentro de esta disposici&oacute;n, cabr&iacute;a la medida de fuerza anunciada por la CGT, CTA, ATE y Agmer [&hellip;]<\/p>\n","protected":false},"author":2,"featured_media":2400,"comment_status":"open","ping_status":"open","sticky":false,"template":"","format":"standard","meta":{"footnotes":""},"categories":[176,8],"tags":[228,219,224,225],"class_list":["post-2398","post","type-post","status-publish","format-standard","has-post-thumbnail","hentry","category-politica","category-provinciales","tag-agmer","tag-ate","tag-gobierno","tag-provincial"],"_links":{"self":[{"href":"https:\/\/partediario.com.ar\/index.php?rest_route=\/wp\/v2\/posts\/2398","targetHints":{"allow":["GET"]}}],"collection":[{"href":"https:\/\/partediario.com.ar\/index.php?rest_route=\/wp\/v2\/posts"}],"about":[{"href":"https:\/\/partediario.com.ar\/index.php?rest_route=\/wp\/v2\/types\/post"}],"author":[{"embeddable":true,"href":"https:\/\/partediario.com.ar\/index.php?rest_route=\/wp\/v2\/users\/2"}],"replies":[{"embeddable":true,"href":"https:\/\/partediario.com.ar\/index.php?rest_route=%2Fwp%2Fv2%2Fcomments&post=2398"}],"version-history":[{"count":1,"href":"https:\/\/partediario.com.ar\/index.php?rest_route=\/wp\/v2\/posts\/2398\/revisions"}],"predecessor-version":[{"id":2401,"href":"https:\/\/partediario.com.ar\/index.php?rest_route=\/wp\/v2\/posts\/2398\/revisions\/2401"}],"wp:featuredmedia":[{"embeddable":true,"href":"https:\/\/partediario.com.ar\/index.php?rest_route=\/wp\/v2\/media\/2400"}],"wp:attachment":[{"href":"https:\/\/partediario.com.ar\/index.php?rest_route=%2Fwp%2Fv2%2Fmedia&parent=2398"}],"wp:term":[{"taxonomy":"category","embeddable":true,"href":"https:\/\/partediario.com.ar\/index.php?rest_route=%2Fwp%2Fv2%2Fcategories&post=2398"},{"taxonomy":"post_tag","embeddable":true,"href":"https:\/\/partediario.com.ar\/index.php?rest_route=%2Fwp%2Fv2%2Ftags&post=2398"}],"curies":[{"name":"wp","href":"https:\/\/api.w.org\/{rel}","templated":true}]}}