{"id":2425,"date":"2024-06-12T14:24:15","date_gmt":"2024-06-12T17:24:15","guid":{"rendered":"https:\/\/partediario.com.ar\/?p=2425"},"modified":"2024-06-12T14:24:15","modified_gmt":"2024-06-12T17:24:15","slug":"el-gobierno-provincial-consolida-politicas-alimentarias-en-el-territorio","status":"publish","type":"post","link":"https:\/\/partediario.com.ar\/?p=2425","title":{"rendered":"El gobierno provincial consolida pol\u00edticas alimentarias en el territorio"},"content":{"rendered":"\n<p><strong>Mediante la firma de convenios con diferentes gobiernos locales de los departamentos Paran\u00e1, Nogoy\u00e1, y Tala, el Ministerio de Desarrollo Humano contin\u00faa generando acciones a fin de garantizar el acceso a prestaciones alimentarias por parte de la poblaci\u00f3n destinataria.<\/strong><\/p>\n\n\n\n<p>La r\u00fabrica de los acuerdos se realiza en el marco del programa provincial de Seguridad Alimentaria. Se procura de esta forma, garantizar una distribuci\u00f3n equitativa de las prestaciones alimentarias, con la intenci\u00f3n de que lleguen a cada franja de poblaci\u00f3n destinataria. El Ministerio de Desarrollo Humano continuar\u00e1 firmando estos convenios con otras localidades de la provincia.<\/p>\n\n\n\n<p>En esta oportunidad, se concret\u00f3 la firma con la Municipalidad de Paran\u00e1 en la Sala Mayo de la capital provincial. El acto cont\u00f3 con la participaci\u00f3n de la ministra de Desarrollo Humano, Ver\u00f3nica Berisso, y la intendenta local, Rosario Romero. Tambi\u00e9n participaron el secretario de Gesti\u00f3n Social, Pablo Omarini, y el director de Pol\u00edticas Alimentarias, Pablo Alasino.<\/p>\n\n\n\n<p>A su vez firmaron convenios las localidades de Aldea Eigenfeld, Colonia Avellaneda, Colonia Merou, Colonia Reffino, Crespo, Gobernador Etchevehere, Oro Verde, Paraje Las Tunas, Quebracho, San Benito, Sauce Montrull, Tezanos Pinto, Viale, Villa Fontana, Antonio Tomas, Mar\u00eda Grande, Arroyo Corralito, Arroyo Palo Seco, Cerrito, Colonia Cerrito, Colonia Crespo, Distrito Tala, El Pingo, Estacion Sosa, Hasenkamp, La Picada, Mar\u00eda Grande, Mar\u00eda Grande 2da, Pueblo Brugo, Puerto Curtiembre, Santa Luisa, Villa Hernandarias, y Villa Urquiza.<\/p>\n\n\n\n<p>Los gobiernos locales de Altamirano Sur, Arroyo Cl\u00e9, Durazno, Gobernador Echague, Gobernador Maci\u00e1, Gobernador Mansilla, Gobernador Sola, Guardamonte, La Hoyita, Las Guachas (Sauce Norte), Rosario del Tala, Sauce Sur; 20 de septiembre, Aldea San Miguel, Aranguren, Betbeder, Crucesitas 3ra, Crucesitas 8va, Distrito Chiqueros, Distrito Sauce, Don Crist\u00f3bal 1ro, Don Crist\u00f3bal 2do, Febre, Hern\u00e1ndez, Laurencena y Lucas Gonz\u00e1lez; completan la lista de quienes se sumaron a estos acuerdos.<\/p>\n","protected":false},"excerpt":{"rendered":"<p>Mediante la firma de convenios con diferentes gobiernos locales de los departamentos Paran&aacute;, Nogoy&aacute;, y Tala, el Ministerio de Desarrollo Humano contin&uacute;a generando acciones a fin de garantizar el acceso a prestaciones alimentarias por parte de la poblaci&oacute;n destinataria. La r&uacute;brica de los acuerdos se realiza en el marco del programa provincial de Seguridad Alimentaria. [&hellip;]<\/p>\n","protected":false},"author":2,"featured_media":2426,"comment_status":"open","ping_status":"open","sticky":false,"template":"","format":"standard","meta":{"footnotes":""},"categories":[6,176,8],"tags":[224,244,243,225,242,239,240],"class_list":["post-2425","post","type-post","status-publish","format-standard","has-post-thumbnail","hentry","category-locales","category-politica","category-provinciales","tag-gobierno","tag-pablo-alasino","tag-pablo-omarini","tag-provincial","tag-rosario-romero","tag-sala-mayo","tag-veronica-berisso"],"_links":{"self":[{"href":"https:\/\/partediario.com.ar\/index.php?rest_route=\/wp\/v2\/posts\/2425","targetHints":{"allow":["GET"]}}],"collection":[{"href":"https:\/\/partediario.com.ar\/index.php?rest_route=\/wp\/v2\/posts"}],"about":[{"href":"https:\/\/partediario.com.ar\/index.php?rest_route=\/wp\/v2\/types\/post"}],"author":[{"embeddable":true,"href":"https:\/\/partediario.com.ar\/index.php?rest_route=\/wp\/v2\/users\/2"}],"replies":[{"embeddable":true,"href":"https:\/\/partediario.com.ar\/index.php?rest_route=%2Fwp%2Fv2%2Fcomments&post=2425"}],"version-history":[{"count":1,"href":"https:\/\/partediario.com.ar\/index.php?rest_route=\/wp\/v2\/posts\/2425\/revisions"}],"predecessor-version":[{"id":2427,"href":"https:\/\/partediario.com.ar\/index.php?rest_route=\/wp\/v2\/posts\/2425\/revisions\/2427"}],"wp:featuredmedia":[{"embeddable":true,"href":"https:\/\/partediario.com.ar\/index.php?rest_route=\/wp\/v2\/media\/2426"}],"wp:attachment":[{"href":"https:\/\/partediario.com.ar\/index.php?rest_route=%2Fwp%2Fv2%2Fmedia&parent=2425"}],"wp:term":[{"taxonomy":"category","embeddable":true,"href":"https:\/\/partediario.com.ar\/index.php?rest_route=%2Fwp%2Fv2%2Fcategories&post=2425"},{"taxonomy":"post_tag","embeddable":true,"href":"https:\/\/partediario.com.ar\/index.php?rest_route=%2Fwp%2Fv2%2Ftags&post=2425"}],"curies":[{"name":"wp","href":"https:\/\/api.w.org\/{rel}","templated":true}]}}