{"id":2432,"date":"2024-06-12T17:36:18","date_gmt":"2024-06-12T20:36:18","guid":{"rendered":"https:\/\/partediario.com.ar\/?p=2432"},"modified":"2024-06-12T18:40:11","modified_gmt":"2024-06-12T21:40:11","slug":"pago-de-haberes-a-fallecidos-bagnat-dio-curso-un-sumario-contra-elias","status":"publish","type":"post","link":"https:\/\/partediario.com.ar\/?p=2432","title":{"rendered":"Pago de haberes a fallecidos: Bagnat curs\u00f3 un sumario contra El\u00edas"},"content":{"rendered":"\n<p><strong>El titular de la Caja de Jubilaciones, Gast\u00f3n Bagnat, recibi\u00f3 un dictamen sobre el pago de haberes a fallecidos. El documento concluye que hay elementos para dar curso a un sumario y se\u00f1ala un responsable: el ex presidente Daniel El\u00edas, que a la vez es empleado del organismo.<\/strong><\/p>\n\n\n\n<p>El tr\u00e1mite fue elevado para que siga su curso al Tribunal de Cuentas, donde se calcular\u00e1 el perjuicio econ\u00f3mico al Estado.<\/p>\n\n\n\n<p>El esc\u00e1ndalo estall\u00f3 en 2020, cuando la revista An\u00e1lisis, revel\u00f3 que se estaban pagando jubilaciones a beneficiarios fallecidos. La denuncia period\u00edstica reflej\u00f3 lo que hab\u00eda detectado una investigaci\u00f3n interna. Se hablaba por entonces de unos 80 casos de larga data, en su mayor\u00eda de beneficiarios de otras provincias y tambi\u00e9n radicados fuera del pa\u00eds.<\/p>\n\n\n\n<p>El Tribunal de Cuentas elabor\u00f3 un informe al que accedi\u00f3 este medio. All\u00ed el organismo de control confirm\u00f3 \u201cla acreditaci\u00f3n por parte de la Caja de Jubilaciones de haberes previsionales en cuentas bancarias de beneficiarios fallecidos de larga data, sin que el organismo previsional haya detectado la defunci\u00f3n ni dado de baja los beneficios, y la consecuente solicitud de baja de las cuentas bancarias e inmediata restituci\u00f3n de las sumas abonadas indebidamente\u201d.<\/p>\n\n\n\n<p>Llam\u00f3 especialmente la atenci\u00f3n que muchos de estos pagos irregulares comenzaban en julio de 2012. Por ejemplo, los casos de personas fallecidas en 2003, 2006, 2008 y 2010. \u201cEn todos coincide una primera acreditaci\u00f3n el 30 de julio de 2012 que continu\u00f3 en lo sucesivo hasta 2020\u201d, se indic\u00f3.<\/p>\n\n\n\n<p>Desde el TdC se se\u00f1al\u00f3 que, habiendo transcurrido casi 10 a\u00f1os de algunos fallecimientos, el organismo deposit\u00f3 los haberes en la cuenta bancaria y el dinero fue percibido en cajeros del Banco de Entre R\u00edos. \u201cEsto demuestra un presunto obrar il\u00edcito desde el organismo previsional\u201d, se advirti\u00f3.<\/p>\n\n\n\n<p>Una vez detectadas las irregularidades, el banco procedi\u00f3 a devolver a la Caja los saldos existentes en algunas cuentas, pero no se realiz\u00f3 ninguna medida a fin de recuperar las sumas pagadas indebidamente.<\/p>\n\n\n\n<p>Desde el TdC se remarc\u00f3 entonces que el prejuicio al erario estaba dado por tres cuestiones: los pagos indebidos en s\u00ed, la omisi\u00f3n de acciones administrativas para revertir las irregularidades y la ausencia de acciones para obtener el recupero.<\/p>\n\n\n\n<p>La detecci\u00f3n de beneficiarios fallecidos a los que se les continuaban depositando los haberes ya hab\u00edan sido observadas por el TdC en 2005. Luego, en 2011, el organismo le comunic\u00f3 al presidente de la Caja sobre pagos por largos per\u00edodos a personas fallecidas y efectu\u00f3 una serie de recomendaciones. Y en 2014 tambi\u00e9n se observ\u00f3 desde el TdC \u201cla tard\u00eda detecci\u00f3n de beneficiarios fallecidos, lo que provocaba que se depositara m\u00e1s de un haber previsional\u201d que ya no correspond\u00eda.<\/p>\n\n\n\n<p>\u201cA\u00fan as\u00ed, a pesar de las recomendaciones y requerimientos del organismo previsional, la situaci\u00f3n se mantuvo hasta 2020\u201d, se remarc\u00f3.<\/p>\n\n\n\n<p>El\u00edas brind\u00f3 una explicaci\u00f3n inicial: que en todos los casos se trataba de beneficiarias de jubilaciones de amas de casa que hab\u00edan fallecido fuera de la provincia o del pa\u00eds. Desde el TdC se sostuvo que las irregularidades no se limitaban pura y exclusivamente a ese tipo de situaciones. \u201cLa irregularidad detectada data de muchos a\u00f1os atr\u00e1s y se ha dado de manera generalizada\u201d, se asegur\u00f3.<\/p>\n\n\n\n<p>Espec\u00edficamente, se precis\u00f3 que no exist\u00eda en el organismo previsional un \u00e1rea espec\u00edfica que se ocupara de hacer un control individualizado de las bases de datos de beneficiarios. Hab\u00eda que cruzar datos con el Registro Civil y el Sistema de Identificaci\u00f3n Nacional Tributario y Social (Sintys), pero nadie lo hac\u00eda y no se acced\u00eda desde hac\u00eda muchos a\u00f1os por falta de convenios actualizados.<\/p>\n\n\n\n<p>De acuerdo a los investigadores, el perjuicio al erario provincial se puede cuantificar en base al equivalente a los fondos no recuperados por la Caja, que totalizaban en 2020 unos 7,3 millones de pesos. A plata de hoy, seg\u00fan el c\u00e1lculo de organismo, ser\u00edan unos 51 millones de pesos.<\/p>\n\n\n\n<p>Respecto a las presuntas responsabilidades, se se\u00f1al\u00f3 el entonces presidente de la Caja, Daniel Antonio El\u00edas: \u201cCon su conducta irregular y negligente no efectu\u00f3 las diligencias necesarias a fin de proceder en tiempo y forma con el debido control de supervivencia de los beneficiarios del sistema previsional\u201d.<\/p>\n\n\n\n<p>\u201cLo que permite establecer la relaci\u00f3n de causalidad entre el hecho y el da\u00f1o no es una actividad o una acci\u00f3n del funcionario, sino m\u00e1s bien todo lo contrario. Es la omisi\u00f3n del funcionario a cargo de organismo\u201d, se se\u00f1al\u00f3.<\/p>\n\n\n\n<p>Al conocerse las irregularidades, comenz\u00f3 una investigaci\u00f3n penal que no prosper\u00f3. Por ser empleado del organismo, El\u00edas es pasible de una instrucci\u00f3n sumaria que determine su responsabilidad disciplinaria. Por otro andarivel, cualquier sea la decisi\u00f3n pol\u00edtica, ir\u00e1n las acciones tendientes a determinar la cuant\u00eda del da\u00f1o patrimonial y las acciones que correspondan para repararlo.<\/p>\n\n\n\n<p>Semanas atr\u00e1s, El\u00edas fue uno de los alcanzados por los controles de personal dispuestos por el gobierno de Frigerio. Radicado en la provincia de Buenos Aires, en los \u00faltimos d\u00edas de la gesti\u00f3n anterior consigui\u00f3 una adscripci\u00f3n para no volver a trabajar a Entre R\u00edos, pero las nuevas autoridades se la dieron de baja por irregular y le ordenaron presentarse. Sin embargo, le encontr\u00f3 la vuelta: pidi\u00f3 cinco meses de licencia y va a iniciar su tr\u00e1mite jubilatorio.<\/p>\n","protected":false},"excerpt":{"rendered":"<p>El titular de la Caja de Jubilaciones, Gast&oacute;n Bagnat, recibi&oacute; un dictamen sobre el pago de haberes a fallecidos. El documento concluye que hay elementos para dar curso a un sumario y se&ntilde;ala un responsable: el ex presidente Daniel El&iacute;as, que a la vez es empleado del organismo. El tr&aacute;mite fue elevado para que siga [&hellip;]<\/p>\n","protected":false},"author":2,"featured_media":2433,"comment_status":"open","ping_status":"open","sticky":false,"template":"","format":"standard","meta":{"footnotes":""},"categories":[6,176,8],"tags":[251,250,249,252],"class_list":["post-2432","post","type-post","status-publish","format-standard","has-post-thumbnail","hentry","category-locales","category-politica","category-provinciales","tag-caja-de-jubilaciones","tag-daniel-elias","tag-gaston-bagnat","tag-tribunal-de-cuentas"],"_links":{"self":[{"href":"https:\/\/partediario.com.ar\/index.php?rest_route=\/wp\/v2\/posts\/2432","targetHints":{"allow":["GET"]}}],"collection":[{"href":"https:\/\/partediario.com.ar\/index.php?rest_route=\/wp\/v2\/posts"}],"about":[{"href":"https:\/\/partediario.com.ar\/index.php?rest_route=\/wp\/v2\/types\/post"}],"author":[{"embeddable":true,"href":"https:\/\/partediario.com.ar\/index.php?rest_route=\/wp\/v2\/users\/2"}],"replies":[{"embeddable":true,"href":"https:\/\/partediario.com.ar\/index.php?rest_route=%2Fwp%2Fv2%2Fcomments&post=2432"}],"version-history":[{"count":2,"href":"https:\/\/partediario.com.ar\/index.php?rest_route=\/wp\/v2\/posts\/2432\/revisions"}],"predecessor-version":[{"id":2451,"href":"https:\/\/partediario.com.ar\/index.php?rest_route=\/wp\/v2\/posts\/2432\/revisions\/2451"}],"wp:featuredmedia":[{"embeddable":true,"href":"https:\/\/partediario.com.ar\/index.php?rest_route=\/wp\/v2\/media\/2433"}],"wp:attachment":[{"href":"https:\/\/partediario.com.ar\/index.php?rest_route=%2Fwp%2Fv2%2Fmedia&parent=2432"}],"wp:term":[{"taxonomy":"category","embeddable":true,"href":"https:\/\/partediario.com.ar\/index.php?rest_route=%2Fwp%2Fv2%2Fcategories&post=2432"},{"taxonomy":"post_tag","embeddable":true,"href":"https:\/\/partediario.com.ar\/index.php?rest_route=%2Fwp%2Fv2%2Ftags&post=2432"}],"curies":[{"name":"wp","href":"https:\/\/api.w.org\/{rel}","templated":true}]}}