{"id":2435,"date":"2024-06-12T17:46:30","date_gmt":"2024-06-12T20:46:30","guid":{"rendered":"https:\/\/partediario.com.ar\/?p=2435"},"modified":"2024-06-12T17:46:30","modified_gmt":"2024-06-12T20:46:30","slug":"caos-y-violencia-en-la-plaza-de-los-dos-congresos-gases-lacrimogenos-bombas-molotov-piedrazos-balas-de-goma-e-incendios-de-autos","status":"publish","type":"post","link":"https:\/\/partediario.com.ar\/?p=2435","title":{"rendered":"Caos y violencia en la Plaza de los Dos Congresos: gases lacrim\u00f3genos, bombas molotov, piedrazos, balas de goma e incendios de autos"},"content":{"rendered":"\n<h3 class=\"wp-block-heading\">Los efectivos policiales buscaron despejar la calle y avanzaron contra manifestantes y legisladores. El protocolo antipiquetes de Bullrich, se mantiene sin la ministra en la zona.<\/h3>\n\n\n\n<p>Mientras en el Senado, sigue la exposici\u00f3n sobre la ley \u00f3mnibus, en las afueras del palacio legislativo, efectivos de la Polic\u00eda Federal y Prefectura Naval Argentina, reprimen a los manifestantes con gases lacrim\u00f3genos y balas de goma.<\/p>\n\n\n\n<p>Mientras tanto las columnas que reclaman frente al Congreso respondieron lanzando bombas molotov, piedrazos y hasta incendiaron un m\u00f3vil perteneciente a Cadena 3, de la provincia de C\u00f3rdoba.<\/p>\n\n\n\n<p>Hasta ahora, se reportaron al menos cuatro personas detenidas por los incidentes.<\/p>\n\n\n\n<p>Prefectura lanza gas lacrim\u00f3geno a diputados y manifestantes frente al Congreso<\/p>\n\n\n\n<p>El diputado nacional de Uni\u00f3n por la Patria Carlos Castagneto y uno de sus asesores tuvieron que ser atendidos tras descompensarse por efecto del gas pimienta que efectivos de la Prefectura Naval tiraron a manifestantes en las inmediaciones del Congreso.<\/p>\n\n\n\n<p>El lamentable incidente ocurri\u00f3 pasadas las 13.30, cuando la PNA inici\u00f3 una avanzada para despejar la avenida Callao a la altura de Rivadavia, donde se concentraban manifestantes de izquierda y un grupo de legisladores del peronismo, entre los que estaban Castagnetto, Julia Strada y Daniel Goll\u00e1n.<\/p>\n\n\n\n<p><\/p>\n\n\n\n<figure class=\"wp-block-image size-full\"><img loading=\"lazy\" decoding=\"async\" width=\"575\" height=\"324\" src=\"https:\/\/partediario.com.ar\/wp-content\/uploads\/2024\/06\/incidentes-el-congresojpg.webp\" alt=\"\" class=\"wp-image-2436\" srcset=\"https:\/\/partediario.com.ar\/wp-content\/uploads\/2024\/06\/incidentes-el-congresojpg.webp 575w, https:\/\/partediario.com.ar\/wp-content\/uploads\/2024\/06\/incidentes-el-congresojpg-300x169.webp 300w\" sizes=\"auto, (max-width: 575px) 100vw, 575px\" \/><\/figure>\n\n\n\n<p><\/p>\n\n\n\n<p><strong>La previa<\/strong><\/p>\n\n\n\n<p>Gremios nucleados en la CGT y las dos CTA, el peronismo, movimientos sociales, la izquierda y piqueteros vuelven a la calle este mi\u00e9rcoles para para rechazar frente al Congreso la ley \u00f3mnibus que el Senado comenzar\u00e1 a tratar en medio de las advertencias del gobierno sobre la posibilidad de que se aplique el protocolo antipiquetes.<\/p>\n\n\n\n<p>Los organizadores esperaban una concentraci\u00f3n multitudinaria, que se acerque en n\u00famero a la movilizaci\u00f3n al Congreso del paro general del 24 de enero pasado, por la confluencia de sectores que se plegaron a la convocatoria, desde los sindicatos combativos de la CGT hasta intendentes del conurbano, que movilizar\u00e1n junto a una columna del gobierno bonaerense, y La C\u00e1mpora.<\/p>\n\n\n\n<p>A diferencia de las otras manifestaciones y pese a que fue parte de la convocatoria, no estar\u00e1 presente el gobernador Axel Kicillof, quien viaj\u00f3 a Roma para entrevistarse con el Papa Francisco.<\/p>\n\n\n\n<p><strong>La plaza totalmente vallada<\/strong><\/p>\n\n\n\n<p>La concentraci\u00f3n comenzar\u00e1 a las 9 y tuvo una vigilia previa en la Plaza de los Dos Congresos desde las 19 del martes motorizada por el ministro de Obras P\u00fablicas de Buenos Aires, Gabriel Katopodis. El edificio del Congreso est\u00e1 vallado desde anoche y se espera un fuerte operativo de seguridad con efectivos de la Polic\u00eda Federal y de la Ciudad de Buenos Aires.<\/p>\n\n\n\n<p>La ministra de Seguridad Patricia Bullrich calent\u00f3 la previa con una advertencia. \u201cVale solamente la palabra, no vale la piedra, no vale el palo, no vale intentar tomar el Congreso. Tenemos fuerzas preparadas y listas para actuar si intentan el uso de la violencia. No hay tutia\u201d, dijo.<\/p>\n\n\n\n<p>La convocatoria busca meter presi\u00f3n a los senadores que sesionar\u00e1n para tratar el proyecto de ley aprobado por Diputados, que incluye el R\u00e9gimen de Grandes Inversiones (RIGI), las privatizaciones, la reforma laboral y la eliminaci\u00f3n de la moratoria previsional, entre otros puntos. Para un sector de los gremios m\u00e1s combativos, ser\u00e1 un nuevo desaf\u00edo callejero al gobierno de Javier Milei, luego de la multitudinaria marcha federal universitaria.<\/p>\n\n\n\n<p><strong>La advertencia de la CGT<\/strong><\/p>\n\n\n\n<p>\u00abEl d\u00eda mi\u00e9rcoles todos los trabajadores, jubilados y todos los sectores de la sociedad que se vean afectados si sale la ley nos concentramos en la Plaza Congreso para decirles a todos los senadores que todav\u00eda est\u00e1n dudando su voto que piensen que tienen una oportunidad hist\u00f3rica\u00bb, dijo el viernes el cosecretario general de la CGT Pablo Moyano. \u00abA los senadores les decimos que la Patria est\u00e1 en peligro. O son h\u00e9roes o son traidores\u00bb, advirti\u00f3.<\/p>\n\n\n\n<p>El camionero fue uno de los principales impulsores de la convocatoria dentro de la CGT, donde el tema de la marcha marc\u00f3 diferencias. Junto a Ricardo Pignanelli, de SMATA, convoc\u00f3 a una conferencia a la que se sumaron referentes de la Corriente Federal como el diputado nacional Sergio Palazzo (La Bancaria), de la CTA de los Trabajadores (Hugo Yasky), Katopodis y la referente de Madres de Plaza de Mayo Tati Almeida.<\/p>\n\n\n\n<p>No participaron de esa convocatoria de Moyano otros referentes de la mesa de conducci\u00f3n cegetista como H\u00e9ctor Daer (Sanidad) ni Gerardo Mart\u00ednez (UOCRA), que por esas horas estaban en Suiza participando de la conferencia de la OIT. En las \u00faltimas horas desde esos gremios confirmaron que participar\u00e1n de la marcha, pero aseguraban que se desconoc\u00edan los detalles de la concentraci\u00f3n porque dentro de la central obrera no hubo reuniones organizativas ni comunicaci\u00f3n.<\/p>\n\n\n\n<p><strong>Estatales y movimientos sociales<\/strong><\/p>\n\n\n\n<p>Se aguarda una presencia masiva de los gremios estatales. ATE convoc\u00f3 a un paro el mi\u00e9rcoles para facilitar la movilizaci\u00f3n al Congreso y la CTA Aut\u00f3noma que conduce Cachorro Godoy junto con la CTA-T de Hugo Yasky prometen una columna numerosa que ingresar\u00e1 a la Plaza por Avenida de Mayo.<\/p>\n\n\n\n<p>La UTEP de Juan Grabois tambi\u00e9n forma parte de la convocatoria, junto al Movimiento Evita, Barrios de Pie, Libres del Sur y movimientos piqueteros.<\/p>\n\n\n\n<p>Mientras que la Federaci\u00f3n de Docentes de las Universidades (FEDUN) confirm\u00f3 la convocatoria a un paro martes y mi\u00e9rcoles y la decisi\u00f3n de sumarse a la marcha para manifestar su rechazo a la ley \u00f3mnibus y para \u00abexigirle a los senadores y las senadoras que voten en contra\u00bb.<\/p>\n","protected":false},"excerpt":{"rendered":"<p>Los efectivos policiales buscaron despejar la calle y avanzaron contra manifestantes y legisladores. El protocolo antipiquetes de Bullrich, se mantiene sin la ministra en la zona. Mientras en el Senado, sigue la exposici&oacute;n sobre la ley &oacute;mnibus, en las afueras del palacio legislativo, efectivos de la Polic&iacute;a Federal y Prefectura Naval Argentina, reprimen a los [&hellip;]<\/p>\n","protected":false},"author":2,"featured_media":2437,"comment_status":"open","ping_status":"open","sticky":false,"template":"","format":"standard","meta":{"footnotes":""},"categories":[5,176],"tags":[254,223,253,255],"class_list":["post-2435","post","type-post","status-publish","format-standard","has-post-thumbnail","hentry","category-nacionales","category-politica","tag-caos","tag-ley-bases","tag-plaza-congreso","tag-violencia"],"_links":{"self":[{"href":"https:\/\/partediario.com.ar\/index.php?rest_route=\/wp\/v2\/posts\/2435","targetHints":{"allow":["GET"]}}],"collection":[{"href":"https:\/\/partediario.com.ar\/index.php?rest_route=\/wp\/v2\/posts"}],"about":[{"href":"https:\/\/partediario.com.ar\/index.php?rest_route=\/wp\/v2\/types\/post"}],"author":[{"embeddable":true,"href":"https:\/\/partediario.com.ar\/index.php?rest_route=\/wp\/v2\/users\/2"}],"replies":[{"embeddable":true,"href":"https:\/\/partediario.com.ar\/index.php?rest_route=%2Fwp%2Fv2%2Fcomments&post=2435"}],"version-history":[{"count":1,"href":"https:\/\/partediario.com.ar\/index.php?rest_route=\/wp\/v2\/posts\/2435\/revisions"}],"predecessor-version":[{"id":2438,"href":"https:\/\/partediario.com.ar\/index.php?rest_route=\/wp\/v2\/posts\/2435\/revisions\/2438"}],"wp:featuredmedia":[{"embeddable":true,"href":"https:\/\/partediario.com.ar\/index.php?rest_route=\/wp\/v2\/media\/2437"}],"wp:attachment":[{"href":"https:\/\/partediario.com.ar\/index.php?rest_route=%2Fwp%2Fv2%2Fmedia&parent=2435"}],"wp:term":[{"taxonomy":"category","embeddable":true,"href":"https:\/\/partediario.com.ar\/index.php?rest_route=%2Fwp%2Fv2%2Fcategories&post=2435"},{"taxonomy":"post_tag","embeddable":true,"href":"https:\/\/partediario.com.ar\/index.php?rest_route=%2Fwp%2Fv2%2Ftags&post=2435"}],"curies":[{"name":"wp","href":"https:\/\/api.w.org\/{rel}","templated":true}]}}