{"id":2440,"date":"2024-06-12T18:16:08","date_gmt":"2024-06-12T21:16:08","guid":{"rendered":"https:\/\/partediario.com.ar\/?p=2440"},"modified":"2024-06-12T18:16:08","modified_gmt":"2024-06-12T21:16:08","slug":"diputados-convirtio-en-ley-la-emergencia-de-la-infraestructura-vial","status":"publish","type":"post","link":"https:\/\/partediario.com.ar\/?p=2440","title":{"rendered":"Diputados convirti\u00f3 en ley la emergencia de la infraestructura vial"},"content":{"rendered":"\n<h3 class=\"wp-block-heading\">Por unanimidad, la C\u00e1mara baja sancion\u00f3 el proyecto solicitado por el Poder Ejecutivo para llevar adelante la recuperaci\u00f3n de los caminos de la provincia.<\/h3>\n\n\n\n<p>La C\u00e1mara de Diputados de Entre R\u00edos, por unanimidad, sancion\u00f3 este mi\u00e9rcoles el proyecto de ley que declara el estado de emergencia de la infraestructura vial por el plazo de un a\u00f1o, con el objeto de llevar adelante medidas y acciones para la recuperaci\u00f3n de los caminos de la provincia. Fue durante la tercera sesi\u00f3n especial del 145\u00b0 periodo legislativo, la que fue presidida por Gustavo Hein.<\/p>\n\n\n\n<p>La ley declara, en el \u00e1mbito de la provincia, el estado de emergencia por el plazo de un a\u00f1o a partir de su promulgaci\u00f3n. Adem\u00e1s, autoriza a la Direcci\u00f3n Provincial de Vialidad a realizar, durante ese periodo, contrataciones directas por v\u00eda de excepci\u00f3n de obras p\u00fablicas, provisi\u00f3n de bienes, insumos, repuestos y suministros necesarios para llevar adelante la recuperaci\u00f3n de la infraestructura vial. El organismo deber\u00e1 enviar a la Legislatura un informe bimestral de las inversiones y contrataciones realizadas con esta modalidad y publicarlo en su p\u00e1gina web.<\/p>\n\n\n\n<p>El diputado Bruno Sarubi (Juntos por Entre R\u00edos), presidente de la comisi\u00f3n de Hacienda, Presupuesto y Cuentas, fundament\u00f3 la iniciativa en que \u201clas rutas de la provincia requieren acciones inmediatas\u201d. Adem\u00e1s, explic\u00f3 que el Poder Ejecutivo envi\u00f3 proyectos de emergencia por separado en materia de obra p\u00fablica, educativa y alimentaria, y ahora vial, porque se trata de \u201cleyes completamente diferentes, que deben ser analizadas en forma particular\u201d.<\/p>\n\n\n\n<p>\u201cNecesitamos la aprobaci\u00f3n de esta ley para darle al Poder Ejecutivo herramientas de contrataci\u00f3n m\u00e1s r\u00e1pidas, m\u00e1s eficientes, para que de una vez por todas se empiece a procurarle una soluci\u00f3n a todos los entrerrianos\u201d, agreg\u00f3.<\/p>\n\n\n\n<p>La diputada Laura Stratta, de M\u00e1s para Entre R\u00edos, tambi\u00e9n se refiri\u00f3 a la sucesi\u00f3n de leyes de emergencia solicitadas por el oficialismo, y consider\u00f3 que ello no se tradujo en \u201chechos concretos\u201d. Dijo que \u201ces muy importante que el Estado se ocupe de las rutas, para el desarrollo econ\u00f3mico y social\u201d, pero afirm\u00f3: \u201cEsta emergencia es para habilitar la contrataci\u00f3n directa y la contrataci\u00f3n directa implica discrecionalidad para obras que son millonarias\u201d. No obstante, anunci\u00f3 que su bancada iba a acompa\u00f1ar el proyecto.<\/p>\n\n\n\n<p>El diputado Carlos Damasco, del bloque Fe y Libertad, afirm\u00f3 que ya existen herramientas de excepciones vigentes. \u201cDesde el comienzo de esta gesti\u00f3n se ha venido hablando de la transparencia de los actos de gobierno, pero con la aprobaci\u00f3n de estas emergencias se echa por tierra todo eso, pues se pierde la transparencia y el control\u201d. No obstante, anunci\u00f3 su acompa\u00f1amiento al proyecto \u201cpor \u00faltima vez\u201d.<\/p>\n\n\n\n<p>Roque Fleitas, de La Libertad Avanza, tambi\u00e9n expres\u00f3 el respaldo de su sector a la iniciativa, para darle \u201cuna herramienta m\u00e1s al Ejecutivo provincial para que lleve adelante su gesti\u00f3n\u201d.<\/p>\n\n\n\n<p>Tambi\u00e9n se expresaron en apoyo a la emergencia, aunque con distintos an\u00e1lisis, Julia Calleros (Fe y Libertad), Liliana Salinas (Partido Conservador Popular), Juan Jos\u00e9 Bahillo (M\u00e1s para Entre R\u00edos), Enrique Cresto (M\u00e1s para Entre R\u00edos) y Vilma V\u00e1zquez (Juntos por Entre R\u00edos).<\/p>\n","protected":false},"excerpt":{"rendered":"<p>Por unanimidad, la C&aacute;mara baja sancion&oacute; el proyecto solicitado por el Poder Ejecutivo para llevar adelante la recuperaci&oacute;n de los caminos de la provincia. La C&aacute;mara de Diputados de Entre R&iacute;os, por unanimidad, sancion&oacute; este mi&eacute;rcoles el proyecto de ley que declara el estado de emergencia de la infraestructura vial por el plazo de un [&hellip;]<\/p>\n","protected":false},"author":2,"featured_media":2441,"comment_status":"open","ping_status":"open","sticky":false,"template":"","format":"standard","meta":{"footnotes":""},"categories":[6,176,8],"tags":[256,258,257,260],"class_list":["post-2440","post","type-post","status-publish","format-standard","has-post-thumbnail","hentry","category-locales","category-politica","category-provinciales","tag-camara-diputados","tag-emergencia","tag-entre-rios","tag-gustavo-hein"],"_links":{"self":[{"href":"https:\/\/partediario.com.ar\/index.php?rest_route=\/wp\/v2\/posts\/2440","targetHints":{"allow":["GET"]}}],"collection":[{"href":"https:\/\/partediario.com.ar\/index.php?rest_route=\/wp\/v2\/posts"}],"about":[{"href":"https:\/\/partediario.com.ar\/index.php?rest_route=\/wp\/v2\/types\/post"}],"author":[{"embeddable":true,"href":"https:\/\/partediario.com.ar\/index.php?rest_route=\/wp\/v2\/users\/2"}],"replies":[{"embeddable":true,"href":"https:\/\/partediario.com.ar\/index.php?rest_route=%2Fwp%2Fv2%2Fcomments&post=2440"}],"version-history":[{"count":1,"href":"https:\/\/partediario.com.ar\/index.php?rest_route=\/wp\/v2\/posts\/2440\/revisions"}],"predecessor-version":[{"id":2442,"href":"https:\/\/partediario.com.ar\/index.php?rest_route=\/wp\/v2\/posts\/2440\/revisions\/2442"}],"wp:featuredmedia":[{"embeddable":true,"href":"https:\/\/partediario.com.ar\/index.php?rest_route=\/wp\/v2\/media\/2441"}],"wp:attachment":[{"href":"https:\/\/partediario.com.ar\/index.php?rest_route=%2Fwp%2Fv2%2Fmedia&parent=2440"}],"wp:term":[{"taxonomy":"category","embeddable":true,"href":"https:\/\/partediario.com.ar\/index.php?rest_route=%2Fwp%2Fv2%2Fcategories&post=2440"},{"taxonomy":"post_tag","embeddable":true,"href":"https:\/\/partediario.com.ar\/index.php?rest_route=%2Fwp%2Fv2%2Ftags&post=2440"}],"curies":[{"name":"wp","href":"https:\/\/api.w.org\/{rel}","templated":true}]}}